{"id":974,"date":"2016-10-01T05:45:06","date_gmt":"2016-10-01T05:45:06","guid":{"rendered":"http:\/\/yoganauten.de\/?p=974"},"modified":"2016-10-03T09:12:46","modified_gmt":"2016-10-03T09:12:46","slug":"sichselbstsein","status":"publish","type":"post","link":"https:\/\/yoganauten.de\/?p=974","title":{"rendered":"sichselbstsein"},"content":{"rendered":"<p><img loading=\"lazy\" decoding=\"async\" class=\"alignnone wp-image-983\" src=\"http:\/\/yoganauten.de\/wp-content\/uploads\/2016\/09\/20160930_144259-219x300.jpg\" alt=\"20160930_144259\" width=\"245\" height=\"336\" srcset=\"https:\/\/yoganauten.de\/wp-content\/uploads\/2016\/09\/20160930_144259-219x300.jpg 219w, https:\/\/yoganauten.de\/wp-content\/uploads\/2016\/09\/20160930_144259-768x1054.jpg 768w, https:\/\/yoganauten.de\/wp-content\/uploads\/2016\/09\/20160930_144259-746x1024.jpg 746w, https:\/\/yoganauten.de\/wp-content\/uploads\/2016\/09\/20160930_144259.jpg 1079w\" sizes=\"auto, (max-width: 245px) 100vw, 245px\" \/><\/p>\n<p>Obwohl man davon ausgehen kann, dass jeder Mensch das Recht hat zu behaupten, er oder sie sei sich selbst, wird diese Behauptung ,wenn sie denn eine Frage wird, erst ziemlich sp\u00e4t interessant. Ich erinnere mich an die Aussage einer indischen Yogalehrerin, die meinte, der Mensch k\u00f6nne sich auch verpassen. Wo h\u00e4lt er sich auf, wenn er sich verpasst? Wartet er auf sich oder sucht nach sich, und ist ein Finden dann auch garantiert? Wo ist der Mensch denn gewesen, wenn er nicht bei sich ist, und warum ist er lieber woanders als bei sich? Meistens wird der Wunsch, zu sich selbst zur\u00fcck zu finden. ausgel\u00f6st durch eine Katastrophe, oder so wie es R.D.Laing einmal beschrieben hat: \u201eImmer wenn es einen Abfall-Streik gibt, schauen wir uns in die Augen, immer wenn es einen dringenden Notfall gibt.\u201cOder immer, wenn einen die Situation zum selbstst\u00e4ndigen Denken erzieht, dh., wenn man tats\u00e4chlich wissen muss oder will, wie man ganz pers\u00f6nlich \u00fcber etwas denkt, das kann dann sehr unterschiedlich sein zu dem, was man dachte zu denken oder zu f\u00fchlen. Ich bin ja f\u00fcr beides in ausgewogenem Ma\u00df, auf jeden Fall bis zu einem bestimmten Punkt, wo man sich durch redliche Arbeit an sich selbst einigerma\u00dfen auf sich selbst verlassen kann. Ob ich in den hellen Gebieten meines Innern anfange oder in den dunklen, ist relativ egal, beides muss letztendlich in eigener Dosiertheit zum Ausdruck kommen, sonst ist die sogenannte Meisterschaft \u00fcber sich selbst nicht m\u00f6glich. Das Zeichen dieser Art Meisterschaft ist wohl das Menschsein an sich. Bin ich zufrieden mit dem, was ich aus mir gemacht habe?, denn st\u00e4ndig war ich ja durch mein Schicksal\u00a0 gezwungen, mich zu verhalten und, bewusst oder unbewusst, zu entscheiden, wie ich die vorhandenen M\u00f6glichkeiten gestalten soll.\u00a0 Zwar zeigt das Universum\u00a0 Gesetzm\u00e4\u00dfigkeiten, an denen man sich beteiligen oder die man erlernen, erkennen und verstehen kann, aber wer vergisst, dass es immer auch einen Spielraum\u00a0 gibt, das Jeweilige zu gestalten, der ist nicht gut von sich beraten. Guter Rat ist teuer! Das habe ich auch von einer exzellenten Therapeutin geh\u00f6rt: n\u00e4mlich, dass der gute Preis einer privaten Therapiestunde u.a. gew\u00e4hrleistet, dass der Mensch sich ernsthaft bem\u00fcht, einen Weg zu sich selbst zu bahnen, wenn etwas im Leben entgleist ist und die eigene Spur nicht mehr sichtbar, oder noch nie sichtbar war, oder von Anfang an gest\u00f6rt und die eigene Art (Kunst!) zu sein durch \u00e4u\u00dfere St\u00f6rung und Behinderung dieses Seins so schwer erkenntlich geworden ist, dass die Schutzh\u00fcllen, die sich dar\u00fcber gelagert haben, durchdrungen werden m\u00fcssen, damit ein Sich-selbst-sein \u00fcberhaupt\u00a0 erm\u00f6glicht wird. Sorgen wir uns nicht alle um den Zustand der Gehirne, die ja immerhin die Schaltstationen unseres Bewusstseins sind? Das Wunderwerk Mensch scheint mir etwas outgesourced zu sein im Moment, und viel Raubtierf\u00fctterung findet statt in den medialen Gehegen. Manche finden das spannend, andere eher nicht.<\/p>\n<p>&nbsp;<\/p>\n<p>******************************************************************************************************************************<\/p>\n<p>&nbsp;<\/p>\n","protected":false},"excerpt":{"rendered":"<p>Obwohl man davon ausgehen kann, dass jeder Mensch das Recht hat zu behaupten, er oder sie sei sich selbst, wird diese Behauptung ,wenn sie denn eine Frage wird, erst ziemlich sp\u00e4t interessant. Ich erinnere mich an die Aussage einer indischen Yogalehrerin, die meinte, der Mensch k\u00f6nne sich auch verpassen. Wo h\u00e4lt er sich auf, wenn [&hellip;]<\/p>\n","protected":false},"author":1,"featured_media":0,"comment_status":"open","ping_status":"open","sticky":false,"template":"","format":"standard","meta":{"footnotes":""},"categories":[1],"tags":[],"class_list":["post-974","post","type-post","status-publish","format-standard","hentry","category-uncategorized"],"_links":{"self":[{"href":"https:\/\/yoganauten.de\/index.php?rest_route=\/wp\/v2\/posts\/974","targetHints":{"allow":["GET"]}}],"collection":[{"href":"https:\/\/yoganauten.de\/index.php?rest_route=\/wp\/v2\/posts"}],"about":[{"href":"https:\/\/yoganauten.de\/index.php?rest_route=\/wp\/v2\/types\/post"}],"author":[{"embeddable":true,"href":"https:\/\/yoganauten.de\/index.php?rest_route=\/wp\/v2\/users\/1"}],"replies":[{"embeddable":true,"href":"https:\/\/yoganauten.de\/index.php?rest_route=%2Fwp%2Fv2%2Fcomments&post=974"}],"version-history":[{"count":13,"href":"https:\/\/yoganauten.de\/index.php?rest_route=\/wp\/v2\/posts\/974\/revisions"}],"predecessor-version":[{"id":1010,"href":"https:\/\/yoganauten.de\/index.php?rest_route=\/wp\/v2\/posts\/974\/revisions\/1010"}],"wp:attachment":[{"href":"https:\/\/yoganauten.de\/index.php?rest_route=%2Fwp%2Fv2%2Fmedia&parent=974"}],"wp:term":[{"taxonomy":"category","embeddable":true,"href":"https:\/\/yoganauten.de\/index.php?rest_route=%2Fwp%2Fv2%2Fcategories&post=974"},{"taxonomy":"post_tag","embeddable":true,"href":"https:\/\/yoganauten.de\/index.php?rest_route=%2Fwp%2Fv2%2Ftags&post=974"}],"curies":[{"name":"wp","href":"https:\/\/api.w.org\/{rel}","templated":true}]}}