{"id":4208,"date":"2017-12-16T04:44:14","date_gmt":"2017-12-16T04:44:14","guid":{"rendered":"http:\/\/yoganauten.de\/?p=4208"},"modified":"2017-12-16T04:44:14","modified_gmt":"2017-12-16T04:44:14","slug":"trauernfeiern","status":"publish","type":"post","link":"https:\/\/yoganauten.de\/?p=4208","title":{"rendered":"trauern\/feiern"},"content":{"rendered":"<p><img loading=\"lazy\" decoding=\"async\" class=\"alignnone size-medium wp-image-4209\" src=\"http:\/\/yoganauten.de\/wp-content\/uploads\/2017\/12\/20171216_065736-177x300.jpg\" alt=\"\" width=\"177\" height=\"300\" srcset=\"https:\/\/yoganauten.de\/wp-content\/uploads\/2017\/12\/20171216_065736-177x300.jpg 177w, https:\/\/yoganauten.de\/wp-content\/uploads\/2017\/12\/20171216_065736-768x1298.jpg 768w, https:\/\/yoganauten.de\/wp-content\/uploads\/2017\/12\/20171216_065736-606x1024.jpg 606w, https:\/\/yoganauten.de\/wp-content\/uploads\/2017\/12\/20171216_065736.jpg 1075w\" sizes=\"auto, (max-width: 177px) 100vw, 177px\" \/>\u00a0<img loading=\"lazy\" decoding=\"async\" class=\"alignnone size-medium wp-image-4210\" src=\"http:\/\/yoganauten.de\/wp-content\/uploads\/2017\/12\/20171215_191957-256x300.jpg\" alt=\"\" width=\"256\" height=\"300\" srcset=\"https:\/\/yoganauten.de\/wp-content\/uploads\/2017\/12\/20171215_191957-256x300.jpg 256w, https:\/\/yoganauten.de\/wp-content\/uploads\/2017\/12\/20171215_191957-768x900.jpg 768w, https:\/\/yoganauten.de\/wp-content\/uploads\/2017\/12\/20171215_191957-874x1024.jpg 874w, https:\/\/yoganauten.de\/wp-content\/uploads\/2017\/12\/20171215_191957.jpg 1068w\" sizes=\"auto, (max-width: 256px) 100vw, 256px\" \/><\/p>\n<h5>Das erste Bild habe ich heute fr\u00fch von meinem Fenster aus gemacht. Die Spezialbeleuchtung geh\u00f6rt zu dem Festival, das heute beginnt und zwei Tage andauert. Ich bin aber nicht in Feierlaune, obwohl es letztes Jahr ein paar wunderbare Ges\u00e4nge gab aus verschiedenen L\u00e4ndern, und vielleicht wird es Trostreiches geben f\u00fcr die Ohren. Der kleine Zwillingsbruder hat es nicht geschafft, ich wusste es gleich, weil niemand von der Familie bei der Arbeit am See erschienen ist. Das Bild rechts ist f\u00fcr ihn. Ich denke, er steht auch f\u00fcr die Trauer, die ich trage f\u00fcr die unheimliche Anzahl von Kindern, die entweder aus irgendeinem Grund ihr Leben nicht leben konnten, auch ich war beteiligt an diesen Gr\u00fcnden, oder aber so fr\u00fch durch Kriege oder Vergewaltigungen ein Leben hatten und haben, das vor allem mit Entst\u00f6rungen besch\u00e4ftigt ist. Diese Kriege und diese Grauenstaten, die niemals wirklich enden, die M\u00fctter und die V\u00e4ter mit den verdunkelten Geschichten, die Br\u00fcder und die Onkel. Als ich heute fr\u00fch mit drei Brahmanen \u00fcber den Kleinen gesprochen habe, ging ihre Geste automatisch nach oben, wo der Gro\u00dfe Entscheider wohnen soll \u00fcber Tod und Leben. Meine Kompassnadel zeigt auf menschliches F\u00fchlen und Leiden hin, das getragen werden muss und geteilt. Das ist sch\u00f6n hier, vor allem f\u00fcr mich, dass ich \u00fcberall alles offen und kastenungebunden ansprechen kann, denn noch sind sie erreichbar, wenn auch 80% der Anwesenden mit ihren Smartphones besch\u00e4ftigt sind. Gestern erz\u00e4hlte mir Sunita, dass ihre zwei S\u00f6hne, wenn sie nach Hause kommen, gar nicht mehr mit ihr reden, sondern nur noch mit den Smartphones besch\u00e4ftigt sind. Man kann nat\u00fcrlich leicht erm\u00fcden bei diesen Themen, aber f\u00fcr mich war Indien auch immer ein Land, in dem die Dinge, die wir selbst kennen, bei ihren Erscheinungen beobachtet werden konnten und k\u00f6nnen. Das Ausma\u00df der Wirkungen, wenn ein Gro\u00dfteil der Bev\u00f6lkerung auf einmal auf technische Scheiben starrt statt auf das Jetzt, das Da, die Daseienden. Die sichtbaren Spuren im langen Prozess der Entmenschlichung. Denn erstaunlich: alle scheinen zu wissen, dass da nichts mehr aufzuhalten ist. Dass da tats\u00e4chlich etwas Unheimliches in Schwung geraten ist, eine von Lebenden ausgel\u00f6ste Entgrenzung, die ihre vielf\u00e4ltigen Wege sucht, ohne dass irgend jemand diese Wege noch kennen kann. Jetzt bin ich schon einen Monat hier, und ja, schon auch mittendrin. Aber es ist fast so, als wollte etwas in mir die innere Teilnahme am Schmerz vertiefen, denn ich bin ganz froh, dass ich ihn sp\u00fcren kann, den unvermeidlichen, in mir selbst und den Anderen. Und dann auch, nie zuletzt: das Sonnenlicht und die Farben, das Papier und die Pinsel, und WhatsApp!<\/h5>\n","protected":false},"excerpt":{"rendered":"<p>\u00a0 Das erste Bild habe ich heute fr\u00fch von meinem Fenster aus gemacht. Die Spezialbeleuchtung geh\u00f6rt zu dem Festival, das heute beginnt und zwei Tage andauert. Ich bin aber nicht in Feierlaune, obwohl es letztes Jahr ein paar wunderbare Ges\u00e4nge gab aus verschiedenen L\u00e4ndern, und vielleicht wird es Trostreiches geben f\u00fcr die Ohren. Der kleine [&hellip;]<\/p>\n","protected":false},"author":1,"featured_media":0,"comment_status":"open","ping_status":"open","sticky":false,"template":"","format":"standard","meta":{"footnotes":""},"categories":[1],"tags":[],"class_list":["post-4208","post","type-post","status-publish","format-standard","hentry","category-uncategorized"],"_links":{"self":[{"href":"https:\/\/yoganauten.de\/index.php?rest_route=\/wp\/v2\/posts\/4208","targetHints":{"allow":["GET"]}}],"collection":[{"href":"https:\/\/yoganauten.de\/index.php?rest_route=\/wp\/v2\/posts"}],"about":[{"href":"https:\/\/yoganauten.de\/index.php?rest_route=\/wp\/v2\/types\/post"}],"author":[{"embeddable":true,"href":"https:\/\/yoganauten.de\/index.php?rest_route=\/wp\/v2\/users\/1"}],"replies":[{"embeddable":true,"href":"https:\/\/yoganauten.de\/index.php?rest_route=%2Fwp%2Fv2%2Fcomments&post=4208"}],"version-history":[{"count":2,"href":"https:\/\/yoganauten.de\/index.php?rest_route=\/wp\/v2\/posts\/4208\/revisions"}],"predecessor-version":[{"id":4212,"href":"https:\/\/yoganauten.de\/index.php?rest_route=\/wp\/v2\/posts\/4208\/revisions\/4212"}],"wp:attachment":[{"href":"https:\/\/yoganauten.de\/index.php?rest_route=%2Fwp%2Fv2%2Fmedia&parent=4208"}],"wp:term":[{"taxonomy":"category","embeddable":true,"href":"https:\/\/yoganauten.de\/index.php?rest_route=%2Fwp%2Fv2%2Fcategories&post=4208"},{"taxonomy":"post_tag","embeddable":true,"href":"https:\/\/yoganauten.de\/index.php?rest_route=%2Fwp%2Fv2%2Ftags&post=4208"}],"curies":[{"name":"wp","href":"https:\/\/api.w.org\/{rel}","templated":true}]}}