{"id":21527,"date":"2025-05-09T07:44:43","date_gmt":"2025-05-09T07:44:43","guid":{"rendered":"https:\/\/yoganauten.de\/?p=21527"},"modified":"2025-05-09T07:44:43","modified_gmt":"2025-05-09T07:44:43","slug":"schwarzer-rauch-weisser-rauch","status":"publish","type":"post","link":"https:\/\/yoganauten.de\/?p=21527","title":{"rendered":"Schwarzer Rauch\/Wei\u00dfer Rauch"},"content":{"rendered":"\n<figure class=\"wp-block-image size-full is-resized\"><img loading=\"lazy\" decoding=\"async\" width=\"553\" height=\"530\" src=\"http:\/\/yoganauten.de\/wp-content\/uploads\/2025\/05\/20250509_054111.jpg\" alt=\"\" class=\"wp-image-21526\" style=\"width:321px;height:auto\" srcset=\"https:\/\/yoganauten.de\/wp-content\/uploads\/2025\/05\/20250509_054111.jpg 553w, https:\/\/yoganauten.de\/wp-content\/uploads\/2025\/05\/20250509_054111-300x288.jpg 300w\" sizes=\"auto, (max-width: 553px) 100vw, 553px\" \/><\/figure>\n\n\n\n<h5 class=\"wp-block-heading\">Das Bild gefiel mir auch sehr gut mit dem wachen <br>Auge im dunklen Rauch, und dr\u00fcber die Taube.<\/h5>\n\n\n\n<figure class=\"wp-block-image size-large is-resized\"><img loading=\"lazy\" decoding=\"async\" width=\"1024\" height=\"549\" src=\"http:\/\/yoganauten.de\/wp-content\/uploads\/2025\/05\/20250509_054036-1024x549.jpg\" alt=\"\" class=\"wp-image-21525\" style=\"width:318px;height:auto\" srcset=\"https:\/\/yoganauten.de\/wp-content\/uploads\/2025\/05\/20250509_054036-1024x549.jpg 1024w, https:\/\/yoganauten.de\/wp-content\/uploads\/2025\/05\/20250509_054036-300x161.jpg 300w, https:\/\/yoganauten.de\/wp-content\/uploads\/2025\/05\/20250509_054036-768x412.jpg 768w, https:\/\/yoganauten.de\/wp-content\/uploads\/2025\/05\/20250509_054036.jpg 1080w\" sizes=\"auto, (max-width: 1024px) 100vw, 1024px\" \/><\/figure>\n\n\n\n<h5 class=\"wp-block-heading\">Dann der wei\u00dfe Rauch, auch eine Taube, und <br>ein Jubel brach aus unter den vielen Nationalit\u00e4ten<br>auf dem Petersplatz und anderswo.<br><\/h5>\n\n\n\n<h4 class=\"wp-block-heading\">Das war auf jeden Fall einen Moment des Innehaltens wert, den der gerade verstorbene Papst schon vorbereitet hatte, zum Beispiel mit der (meiner) Wahrnehmung eines bemerkenswerten Menschen, dem es durch die Reifung seiner eigenen Pers\u00f6nlichkeit gelungen war, den Irrgarten des vatikanischen Labyrinthes nahezu unbehelligt zu durchqueren und glaubw\u00fcrdig zu erscheinen, das Wort &#8218;glaub-w\u00fcrdig&#8216; hier in seinem besten Sinne. Und dann das &#8218;Habemus Papam&#8216;, dem mein &#8218;Papam non habeo&#8216;, also das Keinenpapsthaben, v\u00f6llig egal sein darf. Und obwohl ich mich als Unkatholische aus dem Habimus heraushalten muss, war mir die Wirkungskraft dieses historischen Momentes vollkommen klar. Die k\u00f6niglich inszenierte Show entsprach allen Erwartungen des menschlichen Erlebnishungers. Denn da oben, wo die Vorh\u00e4nge gerade zur\u00fcckgezogen wurden, um Licht ins Dunkel zu bringen, da wird er gleich erscheinen, der Erwartete, der Oberhirte, der Pontifex, der Br\u00fcckenbauer, der Hoffnungstr\u00e4ger, ein Licht in der Wirrnis des Weltgef\u00fcges. Na ja, dann kam er heraus, und das Potential, das man da sehen konnte, war tats\u00e4chlich erstaunlich. Man muss sich dieses millionenfache Starren mal vorstellen, das auf so einen Amtstr\u00e4ger hinstr\u00f6mt, und ob er die Meute gewinnt, oder untergeht. Man muss schon gratulieren zur Wahl, denn nebst vielen anderen Aspekten ist der neue Papst Leo der XIV. ein Amerikaner. Trump hat nat\u00fcrlich sofort seinen Senf dazugegeben und klar ein baldiges Treffen, das wird super. Aber der Papst hat gar ncht Englisch gesprochen und lebt im Vatikan als Souver\u00e4n eines eigenen Staates, und um was es da drinnen geht, wei\u00df au\u00dferhalb niemand. Da Trump sich als der Allergr\u00f6\u00dfte sieht, k\u00f6nnte ich mir bei der Choreographie des Welttheaters keinen besseren Gegenspieler f\u00fcr Trump vorstellen als der neue Papst. Der Papst muss ja gar nicht gegenspielen, denn sein Amt hat die h\u00f6here Macht, isn&#8217;t it. Er hat viel Luft nach oben, w\u00e4hrend an Trumps Schuhsohlen Bleigewichte h\u00e4ngen, es ist wegen dem Deal-Making. Insofern ist tats\u00e4chlich ein Mensch als Leo der Vierzehnte in die Arena getreten, dem man das Gegengewicht gerne zutraut. Immerhin! <\/h4>\n\n\n\n<p><\/p>\n","protected":false},"excerpt":{"rendered":"<p>Das Bild gefiel mir auch sehr gut mit dem wachen Auge im dunklen Rauch, und dr\u00fcber die Taube. Dann der wei\u00dfe Rauch, auch eine Taube, und ein Jubel brach aus unter den vielen Nationalit\u00e4tenauf dem Petersplatz und anderswo. Das war auf jeden Fall einen Moment des Innehaltens wert, den der gerade verstorbene Papst schon vorbereitet [&hellip;]<\/p>\n","protected":false},"author":1,"featured_media":0,"comment_status":"open","ping_status":"open","sticky":false,"template":"","format":"standard","meta":{"footnotes":""},"categories":[1],"tags":[],"class_list":["post-21527","post","type-post","status-publish","format-standard","hentry","category-uncategorized"],"_links":{"self":[{"href":"https:\/\/yoganauten.de\/index.php?rest_route=\/wp\/v2\/posts\/21527","targetHints":{"allow":["GET"]}}],"collection":[{"href":"https:\/\/yoganauten.de\/index.php?rest_route=\/wp\/v2\/posts"}],"about":[{"href":"https:\/\/yoganauten.de\/index.php?rest_route=\/wp\/v2\/types\/post"}],"author":[{"embeddable":true,"href":"https:\/\/yoganauten.de\/index.php?rest_route=\/wp\/v2\/users\/1"}],"replies":[{"embeddable":true,"href":"https:\/\/yoganauten.de\/index.php?rest_route=%2Fwp%2Fv2%2Fcomments&post=21527"}],"version-history":[{"count":2,"href":"https:\/\/yoganauten.de\/index.php?rest_route=\/wp\/v2\/posts\/21527\/revisions"}],"predecessor-version":[{"id":21529,"href":"https:\/\/yoganauten.de\/index.php?rest_route=\/wp\/v2\/posts\/21527\/revisions\/21529"}],"wp:attachment":[{"href":"https:\/\/yoganauten.de\/index.php?rest_route=%2Fwp%2Fv2%2Fmedia&parent=21527"}],"wp:term":[{"taxonomy":"category","embeddable":true,"href":"https:\/\/yoganauten.de\/index.php?rest_route=%2Fwp%2Fv2%2Fcategories&post=21527"},{"taxonomy":"post_tag","embeddable":true,"href":"https:\/\/yoganauten.de\/index.php?rest_route=%2Fwp%2Fv2%2Ftags&post=21527"}],"curies":[{"name":"wp","href":"https:\/\/api.w.org\/{rel}","templated":true}]}}