{"id":21247,"date":"2025-03-17T09:01:08","date_gmt":"2025-03-17T09:01:08","guid":{"rendered":"https:\/\/yoganauten.de\/?p=21247"},"modified":"2025-03-18T18:08:56","modified_gmt":"2025-03-18T18:08:56","slug":"man-3","status":"publish","type":"post","link":"https:\/\/yoganauten.de\/?p=21247","title":{"rendered":"man"},"content":{"rendered":"\n<figure class=\"wp-block-image size-large is-resized\"><img loading=\"lazy\" decoding=\"async\" width=\"724\" height=\"1024\" src=\"http:\/\/yoganauten.de\/wp-content\/uploads\/2025\/03\/20250314_072512-724x1024.jpg\" alt=\"\" class=\"wp-image-21246\" style=\"width:312px;height:auto\" srcset=\"https:\/\/yoganauten.de\/wp-content\/uploads\/2025\/03\/20250314_072512-724x1024.jpg 724w, https:\/\/yoganauten.de\/wp-content\/uploads\/2025\/03\/20250314_072512-212x300.jpg 212w, https:\/\/yoganauten.de\/wp-content\/uploads\/2025\/03\/20250314_072512-768x1087.jpg 768w, https:\/\/yoganauten.de\/wp-content\/uploads\/2025\/03\/20250314_072512-1085x1536.jpg 1085w, https:\/\/yoganauten.de\/wp-content\/uploads\/2025\/03\/20250314_072512-1447x2048.jpg 1447w, https:\/\/yoganauten.de\/wp-content\/uploads\/2025\/03\/20250314_072512-scaled.jpg 1809w\" sizes=\"auto, (max-width: 724px) 100vw, 724px\" \/><\/figure>\n\n\n\n<h6 class=\"wp-block-heading\">Der Golem *<\/h6>\n\n\n\n<div style=\"height:46px\" aria-hidden=\"true\" class=\"wp-block-spacer\"><\/div>\n\n\n\n<h4 class=\"wp-block-heading\">Man kann sich f\u00fcrchten, aber man muss nicht. Hier f\u00e4llt eher das &#8218;Man&#8216; auf. An einem bestimmten Punkt habe ich mich daf\u00fcr entschieden, weil aus dem &#8218;Es&#8216; durchaus ein &#8218;Ich&#8216; werden soll, aber das Ich ist auch nicht immer die vollendete L\u00f6sung. Es geht auch beim &#8218;Man&#8216; nicht um eine Weltumarmung, also wen meint man. In der englischen Sprache kann &#8218;man&#8216; zu berechtigten Irritationen f\u00fchren, hei\u00dft es doch &#8218;Mensch&#8216; und &#8218;Mann&#8216; zugleich, was in der \u00dcbersetzung des Filmtitels &#8218;Du bist mein Mensch&#8216; (von Maria Schrader) zu &#8218;You are my man&#8216; f\u00fchrte, ein kleiner, bemerkenswerter Unterschied. &#8218;Man&#8216; hei\u00dft in Hindi &#8218;Geist&#8216;, das kann man dann auch noch dazunehmen. Und sich weiterhin fragen, wen man eigentlich damit meint. Kann ich zum Beispiel bei einem Satz wie &#8218;Man wehrt sich dagegen, dass Menschsein am Boden ist&#8216; damit rechnen, dass eine unbestimmte Anzahl von Menschen das auch bek\u00fcmmert? Und wer sind sie? Und wann ist es angebracht, &#8218;wir&#8216; zu sagen, oder davon ausgehen, dass es einem &#8218;Uns&#8216; gerade geschieht, dass wir bedroht werden vom ersch\u00fctternden Ausma\u00df einer diktatorischen Phase des Wahnsinns, deren Akteure &#8218;uns&#8216;, in dem Falle uns Europ\u00e4er, aber ganz besonders uns Deutsche, gerne am Angelhaken baumeln sehen w\u00fcrden, g\u00e4be es nicht ein paar \u00dcberraschungseinlagen. Man prophezeit ja ungern dieser Tage einen wahrscheinlichen Kurs, denn ganz im Gegenteil zu Hitlers durchtrainierten Massen ist das amerikanische Volk im Aufruhr gegen das offensichtlich illegale Handeln des psychisch unstabilen F\u00fchrers. Wenn der F\u00fchrer nicht merkt, dass er gar nicht mehr f\u00fchrt, kann man davon ausgehen, dass Scheitern im Anflug ist. Doch wer und was wird scheitern. Man sucht einen Ausweg aus dem Teufelskreis der Gedanken. Nichts bietet mehr eine halbwegs verl\u00e4ssliche Sicherheit, und das ist vielleicht das Gute an der Sache. Man ist ja stets beides: allein und zusammen. Jetzt muss der Geist, alleine im Geh\u00e4use des Menschseins, entscheiden, wie es um ihn, und sie, und alle drumherum, steht. Und auf einmal tr\u00e4gt man, also ich und wir und uns, die volle Verantwortung f\u00fcr d a s, was wir sind. Es k\u00f6nnte einen schaudern, aber siehe da, man ist ja nicht allein, sprach der Gl\u00fcckskeks.<\/h4>\n\n\n\n<p><\/p>\n\n\n\n<h6 class=\"wp-block-heading\">* Lithographie von Hugo Steiner-Prag<\/h6>\n\n\n\n<p><\/p>\n","protected":false},"excerpt":{"rendered":"<p>Der Golem * Man kann sich f\u00fcrchten, aber man muss nicht. Hier f\u00e4llt eher das &#8218;Man&#8216; auf. An einem bestimmten Punkt habe ich mich daf\u00fcr entschieden, weil aus dem &#8218;Es&#8216; durchaus ein &#8218;Ich&#8216; werden soll, aber das Ich ist auch nicht immer die vollendete L\u00f6sung. Es geht auch beim &#8218;Man&#8216; nicht um eine Weltumarmung, also [&hellip;]<\/p>\n","protected":false},"author":1,"featured_media":0,"comment_status":"open","ping_status":"open","sticky":false,"template":"","format":"standard","meta":{"footnotes":""},"categories":[1],"tags":[],"class_list":["post-21247","post","type-post","status-publish","format-standard","hentry","category-uncategorized"],"_links":{"self":[{"href":"https:\/\/yoganauten.de\/index.php?rest_route=\/wp\/v2\/posts\/21247","targetHints":{"allow":["GET"]}}],"collection":[{"href":"https:\/\/yoganauten.de\/index.php?rest_route=\/wp\/v2\/posts"}],"about":[{"href":"https:\/\/yoganauten.de\/index.php?rest_route=\/wp\/v2\/types\/post"}],"author":[{"embeddable":true,"href":"https:\/\/yoganauten.de\/index.php?rest_route=\/wp\/v2\/users\/1"}],"replies":[{"embeddable":true,"href":"https:\/\/yoganauten.de\/index.php?rest_route=%2Fwp%2Fv2%2Fcomments&post=21247"}],"version-history":[{"count":4,"href":"https:\/\/yoganauten.de\/index.php?rest_route=\/wp\/v2\/posts\/21247\/revisions"}],"predecessor-version":[{"id":21257,"href":"https:\/\/yoganauten.de\/index.php?rest_route=\/wp\/v2\/posts\/21247\/revisions\/21257"}],"wp:attachment":[{"href":"https:\/\/yoganauten.de\/index.php?rest_route=%2Fwp%2Fv2%2Fmedia&parent=21247"}],"wp:term":[{"taxonomy":"category","embeddable":true,"href":"https:\/\/yoganauten.de\/index.php?rest_route=%2Fwp%2Fv2%2Fcategories&post=21247"},{"taxonomy":"post_tag","embeddable":true,"href":"https:\/\/yoganauten.de\/index.php?rest_route=%2Fwp%2Fv2%2Ftags&post=21247"}],"curies":[{"name":"wp","href":"https:\/\/api.w.org\/{rel}","templated":true}]}}