{"id":16891,"date":"2023-01-26T06:07:42","date_gmt":"2023-01-26T06:07:42","guid":{"rendered":"http:\/\/yoganauten.de\/?p=16891"},"modified":"2023-01-26T06:07:42","modified_gmt":"2023-01-26T06:07:42","slug":"babasaheb-ambedkar","status":"publish","type":"post","link":"https:\/\/yoganauten.de\/?p=16891","title":{"rendered":"(Babasaheb) Ambedkar"},"content":{"rendered":"<div style=\"width: 1200px;\" class=\"wp-video\"><video class=\"wp-video-shortcode\" id=\"video-16891-1\" width=\"1200\" height=\"675\" preload=\"metadata\" controls=\"controls\"><source type=\"video\/mp4\" src=\"http:\/\/yoganauten.de\/wp-content\/uploads\/2023\/01\/20221230_090709.mp4?_=1\" \/><a href=\"http:\/\/yoganauten.de\/wp-content\/uploads\/2023\/01\/20221230_090709.mp4\">http:\/\/yoganauten.de\/wp-content\/uploads\/2023\/01\/20221230_090709.mp4<\/a><\/video><\/div>\n<h6>Die indische Flagge des Nachbarn an\u00a0einem dunstigen und windigen Tag<\/h6>\n<h5>Dass ich trotz Einschr\u00e4nkung meines linken, gegipsten Unterarmes ausgerechnet am &#8222;Republic Day&#8220; einem Schreibimpuls nachgehe, liegt daran, dass ich heute fr\u00fch an Dr.Ambedkar dachte, der ma\u00dfgeblich an der Ausarneitung der indischen Verfassung beteiligt war, die heute gefeiert wird\u00a0 mit pomp\u00f6sem Zirkus, und vor allem mit Waffen. Stolz wurde verk\u00fcndigt, dass dieses Jahr bei der stinklangweiligen Show ausschlie\u00dflich in Indien produzierte Waffen gezeigt werden. Man sieht Ambedkars Asche erzittern. Er war geboren als ein &#8222;Dalit&#8220;, als ein Unber\u00fchrbarer (auch Harijan genannt), der nur zur Schule durfte, weil\u00a0 sein Vater bei der Armee war. In der Schule musste er hinten allein auf einem Tuch sitzen und durfte (auch) den Wasserhahn nicht anfassen, weil er als unrein galt, was bis heute z.B. daran zu erkennen ist, dass Dalitfrauen als Freiwild gelten, und viel zu tr\u00e4ge bewegen sich die Ver\u00e4nderungen. Ambedkars Intelligenz wurde von einem Mann erkannt, der ihm mit geringer Buchstabenver\u00e4nderung zu einem Brahmanen-Namen verhalf und damit den Weg zu ungehinderter Entwicklung freilegte. Ambedkar setzte sich unerm\u00fcdlich f\u00fcr die Rechte der unteren Kasten ein, befreite sich selbst aber letztendlich von dem unerbittlichen System, indem er den Hinduismus verlie\u00df und (1956) zum Buddhismus wechselte. Hunderttausende Dalits folgten ihm, ein Grund daf\u00fcr, dass der in Indien schon fast versiegte Buddhismus neuen Aufschwung erhielt. Das buddhistische Rad (dharmacakra) auf der indischen Flagge\u00a0 soll\u00a0auch von einer Anregung Ambedkars stammen, und das &#8222;L\u00f6wenkapitell&#8220; des buddhistischen Kaisers Ashoka wurde zum Staatswappen der indischen Republik erhoben. Warum zittert die Asche Ambedkars? Weil nicht viel pasiert ist, nein, viel schlimmer: etwas vom Dunkelblut der Auserw\u00e4hlten ist in die falsche Richtung gegangen, und bewirkt dort die als Normalit\u00e4t empfundene Ausgrenzung und den bewussten Missbrauch von Menschenleben. Ich selbst lebe im Haus von Brahmanen, die mir gegen\u00fcber keinerlei wahrnehmbare Kastenablehnung demonstrieren, ganz im Gegenteil. Als ich den Unfall hatte und ich mich wehrte gegen zu viel Hilfestellung, meinte die junge Frau des Hauses, das sei doch selbstverst\u00e4ndlich, ich w\u00e4re doch ihre Mutter. Ich wiederum lege sehr viel Wert darauf, niemandes Mutter zu sein, oder sagen wir mal, ich ziehe die nackten Tatsachen vor. Und die sehen so aus, dass ich zwar dankbar das brahmanische Essen annehmen darf, aber w\u00fcrde ich selbst was kochen und ihnen bringen, w\u00fcrde es niemand im Haus auch nur anr\u00fchren. Auch das Geschirr, das ich mit dem Essen bekomme, wird dr\u00fcben nicht gebraucht, es ist f\u00fcr Nicht-im-Haus-Wohnende. Im Jahr 2020 wurde ich von der Familie eingeladen, Republic Day auf der riesigen Flatscreen ihres Fernsehers zu schauen, und bald sa\u00df ich da allein im kalten Wohnzimmer und wurde (kurz) erfasst von der ungl\u00e4ubigen Gier, immer mehr Display von Erb\u00e4rmlichem zu sehen. Ich glaube, Jair Bolsonaro war damals der Ehrengast bei Narendra Modi, dem aufgestiegenen Sohn des Chaishopbesitzers aus Gujarat. So sind wir alle Zeugen und Zeuginnen des hellen und des dunklen Wahns. Drau\u00dfen donnern die Trommeln. Ich habe mich an den Vater der Verfassung erinnert als ein ehrenwertes, menschliches Beispiel.<\/h5>\n","protected":false},"excerpt":{"rendered":"<p>Die indische Flagge des Nachbarn an\u00a0einem dunstigen und windigen Tag Dass ich trotz Einschr\u00e4nkung meines linken, gegipsten Unterarmes ausgerechnet am &#8222;Republic Day&#8220; einem Schreibimpuls nachgehe, liegt daran, dass ich heute fr\u00fch an Dr.Ambedkar dachte, der ma\u00dfgeblich an der Ausarneitung der indischen Verfassung beteiligt war, die heute gefeiert wird\u00a0 mit pomp\u00f6sem Zirkus, und vor allem mit [&hellip;]<\/p>\n","protected":false},"author":1,"featured_media":0,"comment_status":"open","ping_status":"open","sticky":false,"template":"","format":"standard","meta":{"footnotes":""},"categories":[1],"tags":[],"class_list":["post-16891","post","type-post","status-publish","format-standard","hentry","category-uncategorized"],"_links":{"self":[{"href":"https:\/\/yoganauten.de\/index.php?rest_route=\/wp\/v2\/posts\/16891","targetHints":{"allow":["GET"]}}],"collection":[{"href":"https:\/\/yoganauten.de\/index.php?rest_route=\/wp\/v2\/posts"}],"about":[{"href":"https:\/\/yoganauten.de\/index.php?rest_route=\/wp\/v2\/types\/post"}],"author":[{"embeddable":true,"href":"https:\/\/yoganauten.de\/index.php?rest_route=\/wp\/v2\/users\/1"}],"replies":[{"embeddable":true,"href":"https:\/\/yoganauten.de\/index.php?rest_route=%2Fwp%2Fv2%2Fcomments&post=16891"}],"version-history":[{"count":6,"href":"https:\/\/yoganauten.de\/index.php?rest_route=\/wp\/v2\/posts\/16891\/revisions"}],"predecessor-version":[{"id":16898,"href":"https:\/\/yoganauten.de\/index.php?rest_route=\/wp\/v2\/posts\/16891\/revisions\/16898"}],"wp:attachment":[{"href":"https:\/\/yoganauten.de\/index.php?rest_route=%2Fwp%2Fv2%2Fmedia&parent=16891"}],"wp:term":[{"taxonomy":"category","embeddable":true,"href":"https:\/\/yoganauten.de\/index.php?rest_route=%2Fwp%2Fv2%2Fcategories&post=16891"},{"taxonomy":"post_tag","embeddable":true,"href":"https:\/\/yoganauten.de\/index.php?rest_route=%2Fwp%2Fv2%2Ftags&post=16891"}],"curies":[{"name":"wp","href":"https:\/\/api.w.org\/{rel}","templated":true}]}}