{"id":11337,"date":"2020-09-25T08:55:32","date_gmt":"2020-09-25T08:55:32","guid":{"rendered":"http:\/\/yoganauten.de\/?p=11337"},"modified":"2020-09-25T08:55:32","modified_gmt":"2020-09-25T08:55:32","slug":"krone","status":"publish","type":"post","link":"https:\/\/yoganauten.de\/?p=11337","title":{"rendered":"Krone"},"content":{"rendered":"<p><img loading=\"lazy\" decoding=\"async\" class=\"alignnone  wp-image-11338\" src=\"http:\/\/yoganauten.de\/wp-content\/uploads\/2020\/09\/20200925_095207-286x300.png\" alt=\"\" width=\"357\" height=\"374\" srcset=\"https:\/\/yoganauten.de\/wp-content\/uploads\/2020\/09\/20200925_095207-286x300.png 286w, https:\/\/yoganauten.de\/wp-content\/uploads\/2020\/09\/20200925_095207-768x807.png 768w, https:\/\/yoganauten.de\/wp-content\/uploads\/2020\/09\/20200925_095207.png 870w\" sizes=\"auto, (max-width: 357px) 100vw, 357px\" \/><\/p>\n<h5>Krone der Sch\u00f6pfung, aha, der Mensch. Krone gewesen oder Krone geworden, oder noch tragen werdend (?). Wie kam&#8217;s zu dieser gro\u00dfartigen Benennung? Nat\u00fcrlich ist das immer wieder ber\u00fchrend und belehrend auf der PfadfinderInnenRoute, die Vielzahl und das Ausma\u00df des menschlich sch\u00f6pferischen Outputs wahrnehmen und achten zu k\u00f6nnen. Denn es zeigt sich in jeder Hinsicht, mit was der Mensch unterwegs sein kann, und von was er sich lieber fernhalten sollte. Doch wer will bestimmen, was jemand sollte. Oft sind es ja die, die aus ebenfalls unendlichen Gr\u00fcnden ihre Machtgel\u00fcste in die Welt setzen wollen, durch die vor allem dieses ungute Staunen sich breitmacht, wie pr\u00e4chtig ihnen\u00a0 das gelingt. Man kann das an der Menge der roten K\u00e4ppis bei den Trump-Auftritten beobachten, ein demaskiertes Heer an Zustimmung, hinter die man nicht blicken kann, so eindeutig scheint ihre Form. Als Donald Trump auf seinem Indientrip Narendra Modi besuchte, waren die von der Regierung ausgegebenen K\u00e4ppis wei\u00df. Die beiden Herren verstanden sich. Auch da nur ein falsch besetzter Thron, keine Krone. Es muss ja auch keine Krone sein, um Himmels Willen, dann schon lieber ein Lorbeerkr\u00e4nzchen, wobei auch Lorbeer rar geworden ist. Sicherlich muss man auch immer die Zeit bedenken, in der sich st\u00e4ndig ver\u00e4ndert, was gerade so aktuell schien. Dann kann man immer noch in den Geschichten und M\u00e4rchen nachlesen, wie es einmal war, damals in sogenannten hohen Kulturen. Wie hoch waren sie wohl, und wer definiert H\u00f6he und das Los derer, die namenlos an ihr mitgewirkt haben oder an ihr zugrunde gegangen sind. Nun geschah es aber zu seiner Zeit, dass sich ein Virus niederlie\u00df auf der am dichten besetztesten Ebene, der Ebene der Angst und des Schreckens. Er geh\u00f6rt nicht zur Krone der Menschheit, aber seine Wirkung ist m\u00e4chtig, auch wenn es vermutlich nicht wei\u00df, dass es, das Virus, Corona hei\u00dft. Eben die Krone. Die Krone als Krankheitserreger. Oder als Ansporn zu bescheidener Haltung, da man sieht, wie tief menschliche Ohnmacht sich in einem verankern kann. Und vielleicht ist ja auch mit Krone etwas ganz anderes gemeint, etwa eine Ausstattung mit allem Drum und Dran f\u00fcr das, was jeder Mensch damit machen kann und m\u00f6chte, seiner oder ihrer eigenen Vorstellung von Glanz folgend, das M\u00f6gliche bedenkend, was mit dem Instrument des Bewusstseins fassbar ist, denn das soll ihn ja vom Tier unterscheiden k\u00f6nnen. Nein, eben nicht drunter- oder dr\u00fcberstehend, sondern nur anders, eigenes Wesen vertretend. Das Tier so arglos erscheinend, weil es nicht anders kann, als sich selbst sein. Da muss der Mensch erst einmal hinkommen, hat er doch in den sauren oder den so s\u00fc\u00dfen Apfel des Wissens gebissen und muss nun pilgern, ob er will oder nicht, bis er, und d a s ohne jegliche Garantie, vielleicht eines Tages wie automatisch wieder vor dem Tor des Labyrinthes steht und fl\u00fcstert: Seh-Sam, Seh-Sam, \u00f6ffne dich. Und es soll vorkommen, vielleicht sogar h\u00e4ufiger als man denkt, dass das Tor, also der Same, sich \u00f6ffnet und das verf\u00fcgbare Licht einl\u00e4sst. Und vielleicht ist Corona doch auch eine Krone im Staub der Weltgeschichte, die an ein tiefes Vergessen erinnert. Und vielleicht verbtrgt sich hinter der Maske gar ein scheuer Lichtglanz.<\/h5>\n","protected":false},"excerpt":{"rendered":"<p>Krone der Sch\u00f6pfung, aha, der Mensch. Krone gewesen oder Krone geworden, oder noch tragen werdend (?). Wie kam&#8217;s zu dieser gro\u00dfartigen Benennung? Nat\u00fcrlich ist das immer wieder ber\u00fchrend und belehrend auf der PfadfinderInnenRoute, die Vielzahl und das Ausma\u00df des menschlich sch\u00f6pferischen Outputs wahrnehmen und achten zu k\u00f6nnen. Denn es zeigt sich in jeder Hinsicht, mit [&hellip;]<\/p>\n","protected":false},"author":1,"featured_media":0,"comment_status":"open","ping_status":"open","sticky":false,"template":"","format":"standard","meta":{"footnotes":""},"categories":[1],"tags":[],"class_list":["post-11337","post","type-post","status-publish","format-standard","hentry","category-uncategorized"],"_links":{"self":[{"href":"https:\/\/yoganauten.de\/index.php?rest_route=\/wp\/v2\/posts\/11337","targetHints":{"allow":["GET"]}}],"collection":[{"href":"https:\/\/yoganauten.de\/index.php?rest_route=\/wp\/v2\/posts"}],"about":[{"href":"https:\/\/yoganauten.de\/index.php?rest_route=\/wp\/v2\/types\/post"}],"author":[{"embeddable":true,"href":"https:\/\/yoganauten.de\/index.php?rest_route=\/wp\/v2\/users\/1"}],"replies":[{"embeddable":true,"href":"https:\/\/yoganauten.de\/index.php?rest_route=%2Fwp%2Fv2%2Fcomments&post=11337"}],"version-history":[{"count":2,"href":"https:\/\/yoganauten.de\/index.php?rest_route=\/wp\/v2\/posts\/11337\/revisions"}],"predecessor-version":[{"id":11341,"href":"https:\/\/yoganauten.de\/index.php?rest_route=\/wp\/v2\/posts\/11337\/revisions\/11341"}],"wp:attachment":[{"href":"https:\/\/yoganauten.de\/index.php?rest_route=%2Fwp%2Fv2%2Fmedia&parent=11337"}],"wp:term":[{"taxonomy":"category","embeddable":true,"href":"https:\/\/yoganauten.de\/index.php?rest_route=%2Fwp%2Fv2%2Fcategories&post=11337"},{"taxonomy":"post_tag","embeddable":true,"href":"https:\/\/yoganauten.de\/index.php?rest_route=%2Fwp%2Fv2%2Ftags&post=11337"}],"curies":[{"name":"wp","href":"https:\/\/api.w.org\/{rel}","templated":true}]}}