{"id":8617,"date":"2019-09-05T08:44:41","date_gmt":"2019-09-05T08:44:41","guid":{"rendered":"http:\/\/yoganauten.de\/?p=8617"},"modified":"2019-09-05T08:47:27","modified_gmt":"2019-09-05T08:47:27","slug":"bildnis","status":"publish","type":"post","link":"http:\/\/yoganauten.de\/?p=8617","title":{"rendered":"Bildnis"},"content":{"rendered":"<p><img loading=\"lazy\" decoding=\"async\" class=\"alignnone wp-image-8618\" src=\"http:\/\/yoganauten.de\/wp-content\/uploads\/2019\/09\/20190905_100538-291x300.jpg\" alt=\"\" width=\"358\" height=\"369\" srcset=\"http:\/\/yoganauten.de\/wp-content\/uploads\/2019\/09\/20190905_100538-291x300.jpg 291w, http:\/\/yoganauten.de\/wp-content\/uploads\/2019\/09\/20190905_100538-768x791.jpg 768w, http:\/\/yoganauten.de\/wp-content\/uploads\/2019\/09\/20190905_100538.jpg 953w\" sizes=\"auto, (max-width: 358px) 100vw, 358px\" \/><\/p>\n<h1><\/h1>\n<h1><\/h1>\n<h4>Das Bildnis, das ich bin,<br \/>\nentsteht aus meinem Wort und<br \/>\nmeinem Schweigen. Und beides<br \/>\nwird getragen von der Form.<br \/>\nSie ist f\u00fcr die gegebene Zeit mein<br \/>\neigener Stau-Raum, mein Archiv an Zellen.<br \/>\nDie Quelle aber liegt in anderen Tiefen,<br \/>\nin rauschenden Gew\u00e4ssern, Str\u00f6men, Fluten,<br \/>\nvon wo aus ich dem sichtbaren Gef\u00fcge<br \/>\nErleben und Erkennen zur Verf\u00fcgung stelle &#8211;<br \/>\nim Hier, im Jetzt, in einem Gestern vor dem<br \/>\nGestern, und meinem Nu, dem Morgigen voraus.<br \/>\nIch lebe klar in der Erscheinungs-T\u00e4uschung<br \/>\nund in ihrer F\u00fclle, und w\u00e4hrend ich mich<br \/>\nunerm\u00fcdlich kennen lerne, wei\u00df ich auch nur<br \/>\nim Rahmen des Bedachten und Beschwiegenen,<br \/>\nwo in mir Schatten ist, und ob das Licht in mir<br \/>\nschon immer war.<\/h4>\n","protected":false},"excerpt":{"rendered":"<p>Das Bildnis, das ich bin, entsteht aus meinem Wort und meinem Schweigen. Und beides wird getragen von der Form. Sie ist f\u00fcr die gegebene Zeit mein eigener Stau-Raum, mein Archiv an Zellen. Die Quelle aber liegt in anderen Tiefen, in rauschenden Gew\u00e4ssern, Str\u00f6men, Fluten, von wo aus ich dem sichtbaren Gef\u00fcge Erleben und Erkennen zur [&hellip;]<\/p>\n","protected":false},"author":1,"featured_media":0,"comment_status":"open","ping_status":"open","sticky":false,"template":"","format":"standard","meta":{"footnotes":""},"categories":[1],"tags":[],"class_list":["post-8617","post","type-post","status-publish","format-standard","hentry","category-uncategorized"],"_links":{"self":[{"href":"http:\/\/yoganauten.de\/index.php?rest_route=\/wp\/v2\/posts\/8617","targetHints":{"allow":["GET"]}}],"collection":[{"href":"http:\/\/yoganauten.de\/index.php?rest_route=\/wp\/v2\/posts"}],"about":[{"href":"http:\/\/yoganauten.de\/index.php?rest_route=\/wp\/v2\/types\/post"}],"author":[{"embeddable":true,"href":"http:\/\/yoganauten.de\/index.php?rest_route=\/wp\/v2\/users\/1"}],"replies":[{"embeddable":true,"href":"http:\/\/yoganauten.de\/index.php?rest_route=%2Fwp%2Fv2%2Fcomments&post=8617"}],"version-history":[{"count":3,"href":"http:\/\/yoganauten.de\/index.php?rest_route=\/wp\/v2\/posts\/8617\/revisions"}],"predecessor-version":[{"id":8622,"href":"http:\/\/yoganauten.de\/index.php?rest_route=\/wp\/v2\/posts\/8617\/revisions\/8622"}],"wp:attachment":[{"href":"http:\/\/yoganauten.de\/index.php?rest_route=%2Fwp%2Fv2%2Fmedia&parent=8617"}],"wp:term":[{"taxonomy":"category","embeddable":true,"href":"http:\/\/yoganauten.de\/index.php?rest_route=%2Fwp%2Fv2%2Fcategories&post=8617"},{"taxonomy":"post_tag","embeddable":true,"href":"http:\/\/yoganauten.de\/index.php?rest_route=%2Fwp%2Fv2%2Ftags&post=8617"}],"curies":[{"name":"wp","href":"https:\/\/api.w.org\/{rel}","templated":true}]}}