{"id":776,"date":"2016-09-15T04:22:14","date_gmt":"2016-09-15T04:22:14","guid":{"rendered":"http:\/\/yoganauten.de\/?p=776"},"modified":"2016-09-15T04:22:14","modified_gmt":"2016-09-15T04:22:14","slug":"der-nu","status":"publish","type":"post","link":"http:\/\/yoganauten.de\/?p=776","title":{"rendered":"Der Nu"},"content":{"rendered":"<p><img loading=\"lazy\" decoding=\"async\" class=\" wp-image-779\" src=\"http:\/\/yoganauten.de\/wp-content\/uploads\/2016\/09\/14-6-300x225.jpg\" alt=\"OLYMPUS DIGITAL CAMERA\" width=\"376\" height=\"282\" srcset=\"http:\/\/yoganauten.de\/wp-content\/uploads\/2016\/09\/14-6-300x225.jpg 300w, http:\/\/yoganauten.de\/wp-content\/uploads\/2016\/09\/14-6-768x576.jpg 768w, http:\/\/yoganauten.de\/wp-content\/uploads\/2016\/09\/14-6-1024x768.jpg 1024w\" sizes=\"auto, (max-width: 376px) 100vw, 376px\" \/><\/p>\n<h3>Der Nu ist ewig.<br \/>\nDer Nu ist unsterblich.<br \/>\nImmer war Nu.<br \/>\nIm Nu sind alle Istheiten<br \/>\nenthalten, und Geist hat<br \/>\nim Nu seinen Ursprung.<br \/>\nVon Grund aus neutral,<br \/>\nhat der Nu in sich selbst<br \/>\nseinen Widersacher und<br \/>\nkann aus sich machen, was<br \/>\ner nicht ist, denn Nu an<br \/>\nsich ist nur Leuchten im<br \/>\nNichts; so schnell und<br \/>\nvollkommen anwesend ist<br \/>\nNu, keineswegs ein Irrgarten<br \/>\nf\u00fcr Helden. Stehe ich dort,<br \/>\naufrecht, bereit zum Exil,<br \/>\nf\u00fchle ich an meiner Hand<br \/>\nsanfte Ber\u00fchrung des Nu&#8217;s,<br \/>\ndiesmal als Mensch. Da \u00f6ffnet<br \/>\nsich mir Nu als Auge. Ungetrennt.<\/h3>\n<p>******************************************************************************************************************************<\/p>\n<p>Der Nu, die k\u00fcrzeste Weile, das Vor\u00fcbergehende, das im Strom des Seins seine jeweiligen Formen annimmt unmd meisterhaft die Illusion einer Kontinuit\u00e4t erzeugt, wo doch alles auf eigenste Weise stirbt und geboren wird und vergeht und entsteht&#8230;immer Nu, immer da, immer unerbittliche Wirkung des Aufenthalts&#8230;.der Nu ist das Element des freien Geistes, der die volle Verantwortung f\u00fcr das nu-f\u00e4hige Wesen annimmt. Was soll er tun? Er hat keine Wahl. Im Nu liegt sein eigenes Wesen.<\/p>\n<p>****************************************************************************************************************************<\/p>\n","protected":false},"excerpt":{"rendered":"<p>Der Nu ist ewig. Der Nu ist unsterblich. Immer war Nu. Im Nu sind alle Istheiten enthalten, und Geist hat im Nu seinen Ursprung. Von Grund aus neutral, hat der Nu in sich selbst seinen Widersacher und kann aus sich machen, was er nicht ist, denn Nu an sich ist nur Leuchten im Nichts; so [&hellip;]<\/p>\n","protected":false},"author":1,"featured_media":0,"comment_status":"open","ping_status":"open","sticky":false,"template":"","format":"standard","meta":{"footnotes":""},"categories":[5],"tags":[],"class_list":["post-776","post","type-post","status-publish","format-standard","hentry","category-poetische-texte-bild"],"_links":{"self":[{"href":"http:\/\/yoganauten.de\/index.php?rest_route=\/wp\/v2\/posts\/776","targetHints":{"allow":["GET"]}}],"collection":[{"href":"http:\/\/yoganauten.de\/index.php?rest_route=\/wp\/v2\/posts"}],"about":[{"href":"http:\/\/yoganauten.de\/index.php?rest_route=\/wp\/v2\/types\/post"}],"author":[{"embeddable":true,"href":"http:\/\/yoganauten.de\/index.php?rest_route=\/wp\/v2\/users\/1"}],"replies":[{"embeddable":true,"href":"http:\/\/yoganauten.de\/index.php?rest_route=%2Fwp%2Fv2%2Fcomments&post=776"}],"version-history":[{"count":5,"href":"http:\/\/yoganauten.de\/index.php?rest_route=\/wp\/v2\/posts\/776\/revisions"}],"predecessor-version":[{"id":786,"href":"http:\/\/yoganauten.de\/index.php?rest_route=\/wp\/v2\/posts\/776\/revisions\/786"}],"wp:attachment":[{"href":"http:\/\/yoganauten.de\/index.php?rest_route=%2Fwp%2Fv2%2Fmedia&parent=776"}],"wp:term":[{"taxonomy":"category","embeddable":true,"href":"http:\/\/yoganauten.de\/index.php?rest_route=%2Fwp%2Fv2%2Fcategories&post=776"},{"taxonomy":"post_tag","embeddable":true,"href":"http:\/\/yoganauten.de\/index.php?rest_route=%2Fwp%2Fv2%2Ftags&post=776"}],"curies":[{"name":"wp","href":"https:\/\/api.w.org\/{rel}","templated":true}]}}