{"id":7269,"date":"2019-03-13T09:50:24","date_gmt":"2019-03-13T09:50:24","guid":{"rendered":"http:\/\/yoganauten.de\/?p=7269"},"modified":"2019-03-13T18:51:02","modified_gmt":"2019-03-13T18:51:02","slug":"traditionell","status":"publish","type":"post","link":"http:\/\/yoganauten.de\/?p=7269","title":{"rendered":"traditionell"},"content":{"rendered":"<p><img loading=\"lazy\" decoding=\"async\" class=\"alignnone wp-image-7270\" src=\"http:\/\/yoganauten.de\/wp-content\/uploads\/2019\/03\/IMG-20190313-WA0005-300x265.jpg\" alt=\"\" width=\"353\" height=\"312\" srcset=\"http:\/\/yoganauten.de\/wp-content\/uploads\/2019\/03\/IMG-20190313-WA0005-300x265.jpg 300w, http:\/\/yoganauten.de\/wp-content\/uploads\/2019\/03\/IMG-20190313-WA0005.jpg 640w\" sizes=\"auto, (max-width: 353px) 100vw, 353px\" \/><\/p>\n<h5>Als ich dieses Bild heute fr\u00fch zugesandt bekommen habe, wollte ich wissen, was da steht, und es steht geschrieben &#8222;M\u00f6ge deine Seele gl\u00fccklich sein&#8220; und bezog sich auf den Tod der Gro\u00dfmutter, die am Montag in Afghanistan gestorben war, und nun dieser Aufruhr einer Tochter (mit der wir seit Jahren befreundet sind), die eigentlich aus verschiedenen Gr\u00fcnden nicht\u00a0 hinfahren kann zur Beerdigung, was dort nicht verstanden wird und deshalb die Leiche noch ein paar Tage im K\u00fchlraum gehalten, bis eine Entscheidung gef\u00e4llt ist. Traditionen, die nicht mehr in vollem Ausma\u00df, hei\u00dft: in eigenem Raum, gelebt werden k\u00f6nnen, erzeugen oft ungeheuerliche Beschwernisse. Der Sohn kommt nach Hause und will einen Weihnachtsbaum, der Islam hat keinen. Die Mutter kann nicht nach Afghanistan u.a., weil die Ausl\u00e4nderbeh\u00f6rde keinen Urlaub gibt. Traditionen, die aufeinanderprallen!? Vieles unterscheidet sich ja nur durch Formen. Die meisten Inder essen, soweit ich wei\u00df, hei\u00dfe Brotfladen zum Fr\u00fchst\u00fcck mit \u00e4hnlicher Gem\u00fcsezubereitung wie nachmittags und abends. Hier in Deutschland freue ich mich dann auf gutes Brot und Butter und was auch immer draufkommt, so viele M\u00f6glichkeiten. Die Kleidung ist generell anders, ja. Die Farbschattierungen dimmen herunter auf Schwarz, Grau und andere edle Variationen. Ist man eine Weile da, \u00e4ndert sich wieder der Blick. Alles gleicht sich immer mehr an auf eine globale Weise. Im indischen Dorf fiel mir neulich auf, wie viele junge M\u00e4nner vorne auf dem Kopf ein paar blonde Locken reingef\u00e4rbt hatten. Die Anregung kam vom Netz. 30 Jahre gemeinsames WorlsWideNet, das ist doch dabei, uns alle aus den Traditionen herauszusteuern, oder nicht? Klar, bei uns steht auch noch der Weihnachtsbaum herum im Garten, man wirft ja so einen organischen Gr\u00fcnbaum nicht einfach weg. Das Geburtstagsfeiern hat sich u.a. in Indien auch eingeschlichen auf dem Schildkr\u00f6tenpfad. Erst in Indien, als ich M\u00fctter die Geburtdaten ihrer Kinder vergessen sah, oder die sie auch gar nicht wussten, sodass die ins College gehenden Kinder eins erfinden mussten, so um den Mond herum, an den die Mutter sich zu erinnern meinte, als es kam, erst da fand ich es nicht unwichtig, dass der Mensch mal einen Tag im Jahr haben soll, wo man ihn ehrt daf\u00fcr, dass er geboren werden konnte und bis zum jeweiligen Tag durchgehalten hat. Auch an diesem Tag mal f\u00fcr jemanden zu singen, ist eine gute Idee, man kann \u00fcberpr\u00fcfen, ob man noch singen kann, oder ob einem vielleicht mal etwas anderes einf\u00e4llt als happy birthday. Traditionen sind hartn\u00e4ckig und flie\u00dfen haltlos durchs Blut, wenn man sie l\u00e4sst. Zu OmJi, einem \u00e4lteren Brahmanen, habe ich neulich mal vor meiner Abreise gesagt, ich f\u00e4nde es ideal, wenn ich die beiden Traditionen zusammenr\u00fccken k\u00f6nnte, die indische und die deutsche. Dabei sind sie schon lange zusammenger\u00fcckt, und es befassen sich eindeutig mehr Gehirne mit vedischem Gedankentum in Deutschland als in Indien. Indien ist Techno-und Technik-F\u00fchrer geworden und ist bestrebt, das Weichei-Image der Nation abzulegen und zu den Waffen zu greifen. Nach was sucht Deutschland. Oder besser: auf was treibt das Geschehen in dieser Welt zu mit all den sich steigernden Ersch\u00fctterungen, der sie ausgesetzt ist? Ich denke an eine Tradition der Menschlichkeit, die f\u00fcr mich hier vorherrschend wird. Was ist das: menschlich. Und wie gelingt es am besten im Miteinander, wo auch immer man sich aufhalten und vorfinden mag.<\/h5>\n","protected":false},"excerpt":{"rendered":"<p>Als ich dieses Bild heute fr\u00fch zugesandt bekommen habe, wollte ich wissen, was da steht, und es steht geschrieben &#8222;M\u00f6ge deine Seele gl\u00fccklich sein&#8220; und bezog sich auf den Tod der Gro\u00dfmutter, die am Montag in Afghanistan gestorben war, und nun dieser Aufruhr einer Tochter (mit der wir seit Jahren befreundet sind), die eigentlich aus [&hellip;]<\/p>\n","protected":false},"author":1,"featured_media":0,"comment_status":"open","ping_status":"open","sticky":false,"template":"","format":"standard","meta":{"footnotes":""},"categories":[1],"tags":[],"class_list":["post-7269","post","type-post","status-publish","format-standard","hentry","category-uncategorized"],"_links":{"self":[{"href":"http:\/\/yoganauten.de\/index.php?rest_route=\/wp\/v2\/posts\/7269","targetHints":{"allow":["GET"]}}],"collection":[{"href":"http:\/\/yoganauten.de\/index.php?rest_route=\/wp\/v2\/posts"}],"about":[{"href":"http:\/\/yoganauten.de\/index.php?rest_route=\/wp\/v2\/types\/post"}],"author":[{"embeddable":true,"href":"http:\/\/yoganauten.de\/index.php?rest_route=\/wp\/v2\/users\/1"}],"replies":[{"embeddable":true,"href":"http:\/\/yoganauten.de\/index.php?rest_route=%2Fwp%2Fv2%2Fcomments&post=7269"}],"version-history":[{"count":4,"href":"http:\/\/yoganauten.de\/index.php?rest_route=\/wp\/v2\/posts\/7269\/revisions"}],"predecessor-version":[{"id":7273,"href":"http:\/\/yoganauten.de\/index.php?rest_route=\/wp\/v2\/posts\/7269\/revisions\/7273"}],"wp:attachment":[{"href":"http:\/\/yoganauten.de\/index.php?rest_route=%2Fwp%2Fv2%2Fmedia&parent=7269"}],"wp:term":[{"taxonomy":"category","embeddable":true,"href":"http:\/\/yoganauten.de\/index.php?rest_route=%2Fwp%2Fv2%2Fcategories&post=7269"},{"taxonomy":"post_tag","embeddable":true,"href":"http:\/\/yoganauten.de\/index.php?rest_route=%2Fwp%2Fv2%2Ftags&post=7269"}],"curies":[{"name":"wp","href":"https:\/\/api.w.org\/{rel}","templated":true}]}}