{"id":5978,"date":"2018-09-02T07:54:58","date_gmt":"2018-09-02T07:54:58","guid":{"rendered":"http:\/\/yoganauten.de\/?p=5978"},"modified":"2018-09-02T07:56:42","modified_gmt":"2018-09-02T07:56:42","slug":"rainer-maria-rilke-3","status":"publish","type":"post","link":"http:\/\/yoganauten.de\/?p=5978","title":{"rendered":"Rainer Maria Rilke"},"content":{"rendered":"<div class=\"irc_mimg irc_hic\"><a class=\"irc_mil i3597\" tabindex=\"0\" href=\"https:\/\/sotaunaestrella.wordpress.com\/2013\/12\/17\/cartas-a-un-joven-poeta-de-r-m-rilke\/\" target=\"_blank\" rel=\"noopener\" data-noload=\"\" data-ved=\"2ahUKEwj1zabH6JvdAhWNYlAKHe4FCw4QjRx6BAgBEAU\"><img loading=\"lazy\" decoding=\"async\" class=\"irc_mi\" src=\"https:\/\/sotaunaestrella.files.wordpress.com\/2013\/12\/1fe32-rilke.jpg?w=640\" alt=\"Bildergebnis f\u00fcr R.M.Rilke\" width=\"431\" height=\"287\" \/><\/a><\/div>\n<h1><\/h1>\n<p>&nbsp;<\/p>\n<h4><\/h4>\n<h4>Nicht nur die Morgen alle des Sommers -, nicht nur<br \/>\nwie sie sich wandeln in Tag und strahlen vor Anfang.<br \/>\nNicht nur die Tage, die zart sind um Blumen, und oben,<br \/>\num die gestalteten B\u00e4ume, stark und gewaltig.<br \/>\nNicht nur die Andacht dieser entfalteten Kr\u00e4fte,<br \/>\nnicht nur die Wege, nicht nur die Wiesen im Abend,<br \/>\nnicht nur, nach sp\u00e4tem Gewitter, das atmende Klarsein,<br \/>\nnicht nur der nahende Schlaf und ein Ahnen, abends&#8230;<br \/>\nsondern die N\u00e4chte, sondern die Sterne, die Sterne der Erde.<br \/>\nO einst tot sein und sie wissen unendlich,<br \/>\nalle die Sterne: denn wie, wie, wie sie vergessen!<\/h4>\n<h4><\/h4>\n<h4>*********************************************************<\/h4>\n<h4><\/h4>\n<h4>Und pl\u00f6tzlich, in diesem m\u00fchsamen Nirgends, pl\u00f6tzlich<br \/>\ndie uns\u00e4gliche Stelle, wo sich das reine Zuwenig<br \/>\nunbegreiflich verwandelt -,umspringt<br \/>\nin jenes leere Zuviel.<br \/>\nWo die vielstellige Rechnung<br \/>\nzahlenlos aufgeht.<\/h4>\n<h4><\/h4>\n<p>&nbsp;<\/p>\n<h6>(Aus den Duineser Elegien (sieben und f\u00fcnf))<\/h6>\n","protected":false},"excerpt":{"rendered":"<p>&nbsp; Nicht nur die Morgen alle des Sommers -, nicht nur wie sie sich wandeln in Tag und strahlen vor Anfang. Nicht nur die Tage, die zart sind um Blumen, und oben, um die gestalteten B\u00e4ume, stark und gewaltig. Nicht nur die Andacht dieser entfalteten Kr\u00e4fte, nicht nur die Wege, nicht nur die Wiesen im [&hellip;]<\/p>\n","protected":false},"author":1,"featured_media":0,"comment_status":"open","ping_status":"open","sticky":false,"template":"","format":"standard","meta":{"footnotes":""},"categories":[1],"tags":[],"class_list":["post-5978","post","type-post","status-publish","format-standard","hentry","category-uncategorized"],"_links":{"self":[{"href":"http:\/\/yoganauten.de\/index.php?rest_route=\/wp\/v2\/posts\/5978","targetHints":{"allow":["GET"]}}],"collection":[{"href":"http:\/\/yoganauten.de\/index.php?rest_route=\/wp\/v2\/posts"}],"about":[{"href":"http:\/\/yoganauten.de\/index.php?rest_route=\/wp\/v2\/types\/post"}],"author":[{"embeddable":true,"href":"http:\/\/yoganauten.de\/index.php?rest_route=\/wp\/v2\/users\/1"}],"replies":[{"embeddable":true,"href":"http:\/\/yoganauten.de\/index.php?rest_route=%2Fwp%2Fv2%2Fcomments&post=5978"}],"version-history":[{"count":2,"href":"http:\/\/yoganauten.de\/index.php?rest_route=\/wp\/v2\/posts\/5978\/revisions"}],"predecessor-version":[{"id":5980,"href":"http:\/\/yoganauten.de\/index.php?rest_route=\/wp\/v2\/posts\/5978\/revisions\/5980"}],"wp:attachment":[{"href":"http:\/\/yoganauten.de\/index.php?rest_route=%2Fwp%2Fv2%2Fmedia&parent=5978"}],"wp:term":[{"taxonomy":"category","embeddable":true,"href":"http:\/\/yoganauten.de\/index.php?rest_route=%2Fwp%2Fv2%2Fcategories&post=5978"},{"taxonomy":"post_tag","embeddable":true,"href":"http:\/\/yoganauten.de\/index.php?rest_route=%2Fwp%2Fv2%2Ftags&post=5978"}],"curies":[{"name":"wp","href":"https:\/\/api.w.org\/{rel}","templated":true}]}}