{"id":414,"date":"2016-07-29T08:56:25","date_gmt":"2016-07-29T08:56:25","guid":{"rendered":"http:\/\/yoganauten.de\/?p=414"},"modified":"2016-07-29T08:56:26","modified_gmt":"2016-07-29T08:56:26","slug":"frau-merkel","status":"publish","type":"post","link":"http:\/\/yoganauten.de\/?p=414","title":{"rendered":"Frau Merkel"},"content":{"rendered":"<div class=\"_kk _wI\"><\/div>\n<div class=\"thumb\"><a href=\"https:\/\/www.google.de\/url?sa=t&amp;rct=j&amp;q=&amp;esrc=s&amp;source=web&amp;cd=1&amp;cad=rja&amp;uact=8&amp;sqi=2&amp;ved=0ahUKEwiwyuLDpJjOAhVEDxoKHVC7A1YQpwIIHDAA&amp;url=http%3A%2F%2Fwww.focus.de%2Fpolitik%2Fdeutschland%2Fpressekonferenz-der-kanzlerin-was-muss-passieren-damit-sie-endlich-zuruecktreten-das-antwortet-angela-merkel_id_5771288.html&amp;usg=AFQjCNHGCWVK7WbgscFrsfpOTN2Zt0L2Eg&amp;sig2=yBg_Crn5rJxIIb1zntGcoA&amp;bvm=bv.128617741,d.bGs\" data-ved=\"0ahUKEwiwyuLDpJjOAhVEDxoKHVC7A1YQpwIIHDAA\"><img loading=\"lazy\" decoding=\"async\" id=\"uid_0\" class=\"_WCg\" src=\"data:image\/jpeg;base64,\/9j\/4AAQSkZJRgABAQAAAQABAAD\/2wCEAAkGBwgHBgkIBwgKCgkLDRYPDQwMDRsUFRAWIB0iIiAdHx8kKDQsJCYxJx8fLT0tMTU3Ojo6Iys\/RD84QzQ5OjcBCgoKDQwNGg8PGjclHyU3Nzc3Nzc3Nzc3Nzc3Nzc3Nzc3Nzc3Nzc3Nzc3Nzc3Nzc3Nzc3Nzc3Nzc3Nzc3Nzc3N\/\/AABEIAGQAhgMBIgACEQEDEQH\/xAAbAAABBQEBAAAAAAAAAAAAAAAAAQMEBQYCB\/\/EADIQAAICAgAFAgQEBgMBAAAAAAECAAMEEQUSITFRQWETIjJxBoGRwSNCYnKx8BRSoRX\/xAAZAQACAwEAAAAAAAAAAAAAAAAAAgEDBAX\/xAAiEQACAgEEAgMBAAAAAAAAAAAAAQIRBAMSITEyQSIzUUL\/2gAMAwEAAhEDEQA\/AHIQhOmUCwiQgAsITqtDYwVZDaStglfBzF0fEkWBaF+VQT6ljIF\/FTVtOQPvppZinmxuoo0Rx\/0eDA66zqV2Xl3VrtV+Vh6+kfxvjGsMpR\/PKZCzV\/SJeP8AjJMIKwceGHcQmyGpGatFEouLphCEI4oQhCACwhEgBzCHpEgAsIbhuABOWyvhfKpHlj4E63Kj4WRflXqg0FPczHmtqCRox1ci4ocZTEHzoE+s7r4SEs7AsDOuH0\/CUb6GW6b2CPm3OQ7OltRT5eGKkDcvf9JXFLKGD07CE9QJpc+ysLpgevkTP2cRxMbIC3WH4Tjo3qvsR+8ZWVS4H1dL6TYnR06sPX3guyOshnJqpvUowIb6WB2CI9iWc9Z\/pYqPtN2FJqdGXXVxsfixBCdMyCwiQgAsIRIAcwhCABCEIAA1IubXcwX\/AI9VbbPUuSPt2kmSMZwFdWUMO+jM2X9Rdj+Y9j8OtPBFaxd3nZABOhInDv8AnVXqoqres+vOQR+Z6S2p4xY9ApGM4IUgFQPlI7bHid47Jd\/EFao5+pfeck6jiS6wubTyXqwI8jqJh\/xBwLMyM1asWz+GzfUB9PvNxVazaHKB6HUgZNCOXqc8g2WNvqupK7IlBM80uryMHLNFuw1baYa1v316TUcJ2MFWbux3+Uq+Jj\/6HGbLaxv4h0v9o6bl6iCutUXoFAAm7Dj8nIwZDpUhyLOAZ0DudAyiwiQgAsIRIAJFESAMAF6QkPPzlxABoM5G9eJRZPF8l+ivyj+npAKNJdfXQvNa4Ue5jOFxLHybHSotzKOYkjQMxt+VY2+ZtxrBzLcfiFdinYG9jyDKdZboOKLdL4yTN9iZnEUyigxKOQn6jYQSP0lzhMVyR8VQpI3oHYMp+FcYwsvGWxBzEdG33B8SwuyUesNQp516jr2nHaadHVTtWXFttdY+UzF\/jPKuxTRYh63voj2AM0NLvaoZxqZP8aW\/F4xhY6tsVVszD3J6f4luhHdNIp15VBkThWdQuQ1r7+b1C76+PaX631P1Wxf1mEes1u4UkaO+8mUZNijRYzr6cIw4RzW3Ls2QIPY7nQ6TMU8Qsr68xl1g5vxiEfuZZtFJ2\/aG4Q1FATcIuoQA5hEjWZb8DGss8Dp94AZriWSuTlWMh2N6G5APb85y7FrdjQbx5nYHf7wRIw68x0ZzXVq7Zj7qCpDDoYxTVdXYea3dP8qsNkfnIaJJnA72xMxkJ\/h2+nvNjjXOpUnej6TEcrEDkALg7G+mzNdicY4c2IK8ljj2j6ksGiDObk6VStezbjz4plzdmrjYxtbx0HmYO658niNmRadsWlxxTjVNuL8HAU32f9v5V9zKGsaUfvHw9P57mLky4o5sA+IWcgA+pMQdBGGxB8c3NY7+A57faSG6LOiYxQdp9yJY4WRyWb9AZWg6RPJbpHscjnGz8oP6xogzag7AMJxjvz0o3kTuKyAhEiyAOJUcfyOVUoDfV1I8yztvqqKixwpbsJmuMuMnKY91HQQT5oYrbkDDXY72CPQwxXLo3N9QPWKyHl13Hg9\/1jGEzBrQ3U80PYElxsdOh8xK2516\/UvQidSNcxpsFygkdmHkQfAEpRo9JsacanMxa7mRWLKD1A7zH1kMFZSCCNgzX\/hi5LMGytz81befQ\/6ZkzI3p7l6NGM\/nRB43TXi4DcugWPKABqUAHSXX4quVsuqhOyLzH7n\/f8A2Z7ItKryJ9bdvb3jYkdunb9i5DudHJf4t\/Iv0L3Pkx2wxrFrCaAjrd5pRQcWMFCA+8dp3sE9Ndh4kfIIFtQ+\/wC0lVntJiDNXwp+bEUeo6SXKngdnR0ltJl2QEIQigZ38QkjLxtHW0P+ZXWHbHcISuHnId9IafpIdfy32a9osJYyCTG7QCp3CEkBrh7EWWVfygbHtNn+BMavO4w+NeW+G1JY8raOwRqEJTP62NDzRScY6cWzV2SEudRvwDof4lTUOcl26sYsJZDxREu2PVdiYoEWEYUiZPXLr\/s\/eTKhCEhdgy44MxGQJfiEI0iAhCEUD\/\/Z\" alt=\"Bild f\u00fcr das Nachrichtenergebnis\" width=\"134\" height=\"100\" data-deferred=\"1\" \/><\/a><\/div>\n<div class=\"thumb\">\n<p><span style=\"font-size: large;\">Nachdem auch ich Frau Merkel gestern bei ihrer Sommer-Pressekonferenz geh\u00f6rt habe, danach im Radio noch einige Kommentare dazu, hatte ich heute fr\u00fch den Impuls, auch mal was zu meinem Eindruck zu sagen, den ich seit einigen Jahren bis heute von Angela Merkel habe, und melde mich gerne als politisch ungeschulte B\u00fcrgerin, was ja nicht unbedingt von eigenem oder auch intelligentem Denken und Wahrnehmen abhalten muss. Frau Merkel ist wirklich sehr kompetent, ein Land gut zu f\u00fchren mit allen wesentlichen Eigenschaften, die gute F\u00fchrung erst m\u00f6glich macht wie menschliche und intellektuelle Intelligenz, Humor, hohe Diplomatie, bei deren Aus\u00fcbung das sogenannte Volk ja selten dabei ist. \u00dcberhaupt ist man selten dabei, wenn und wo man Frau Merkel erleben k\u00f6nnte, wenn man wissen wollte, wer sie \u201ewirklich\u201c ist, und da, vermute ich mal, w\u00fcrde man in ihrer Umgebung sicherlich eine gro\u00dfe Ernsthaftigkeit finden und wohl auch ein berechtigtes Vertrauen in die Entscheidungen dieser Frau, die letztendlich, wie sie gestern sagte, eben nur auf ihren Schultern lasten. Dass sie es dann bei einer so wichtigen Konferenz auch noch leistet, einen besonnenen Eindruck zu machen und das Schlimmste der gierigen Nachfragen zu vermeiden versteht, hat mir wiederum Achtung f\u00fcr sie abgerungen. Man bekommt doch den Eindruck, als h\u00e4tten sich alle Arten von BerichterstatterInnen verschworen, sie auf jeden Fall so viel wie m\u00f6glich zu kritisieren, obwohl man in den deutschen Haushalten ziemlich wenig Fehlendes zu beklagen hat. Man konnte Frau Merkel auch oft im Kreise m\u00e4chtiger M\u00e4nner bewundern und zum Beispiel denken, wie m\u00e4chtig doch Intelligenz und die im politischen Leben eher un\u00fcbliche Uneitelkeit zusammen wirken, denn sicherlich sp\u00fcren wir doch auch die Wirkungen ihres erstaunlichen Talentes als Diplomatin. Ich sage nicht, dass Frau Merkel nicht kritisiert werden sollte, gute und angebrachte Kritik wei\u00df jeder kluge Mensch zu sch\u00e4tzen, aber ich w\u00fcnschte mir doch etwas mehr Wertsch\u00e4tzung f\u00fcr ihre au\u00dferordentlich kluge und bedachte Lenkung dieses Landes, f\u00fcr die ich ihr ganz eindeutig dankbar bin. Und..\/Oder gibt es vielleicht doch so etwas wie einen Kollektivstachel, der ausgefahren wird, wenn mal wirklich Eine\/r ihre\/seine Sache richtig gut macht!?<\/span><\/p>\n<p><span style=\"font-size: large;\">Es lege jede\/r, der sich berufen f\u00fchlt, einen umwerfend einleuchtenden und stabilen 9-Punkte Plan<\/span><\/p>\n<p><span style=\"font-size: large;\">vor, mit dem die Bev\u00f6lkerung hochzufrieden ist und zusammen sinnvoll in einen Jubel ausbrechen kann:<\/span><\/p>\n<p>\u201e<span style=\"font-size: large;\">Freude, sch\u00f6ner Menschenfunke!&#8220; Und wenn sich alle so einig sind, dass Frau Merkel zu wenig &#8222;Gef\u00fchl&#8220;<br \/>\n<\/span><\/p>\n<p>zeigt, dann auch hier bitte: vormachen, damit man wei\u00df, was sich unser Volk darunter vorstellt.<\/p>\n<\/div>\n<div class=\"thumb\"><\/div>\n<div class=\"thumb\"><\/div>\n<div class=\"thumb\"><\/div>\n","protected":false},"excerpt":{"rendered":"<p>Nachdem auch ich Frau Merkel gestern bei ihrer Sommer-Pressekonferenz geh\u00f6rt habe, danach im Radio noch einige Kommentare dazu, hatte ich heute fr\u00fch den Impuls, auch mal was zu meinem Eindruck zu sagen, den ich seit einigen Jahren bis heute von Angela Merkel habe, und melde mich gerne als politisch ungeschulte B\u00fcrgerin, was ja nicht unbedingt [&hellip;]<\/p>\n","protected":false},"author":1,"featured_media":0,"comment_status":"open","ping_status":"open","sticky":false,"template":"","format":"standard","meta":{"footnotes":""},"categories":[1],"tags":[],"class_list":["post-414","post","type-post","status-publish","format-standard","hentry","category-uncategorized"],"_links":{"self":[{"href":"http:\/\/yoganauten.de\/index.php?rest_route=\/wp\/v2\/posts\/414","targetHints":{"allow":["GET"]}}],"collection":[{"href":"http:\/\/yoganauten.de\/index.php?rest_route=\/wp\/v2\/posts"}],"about":[{"href":"http:\/\/yoganauten.de\/index.php?rest_route=\/wp\/v2\/types\/post"}],"author":[{"embeddable":true,"href":"http:\/\/yoganauten.de\/index.php?rest_route=\/wp\/v2\/users\/1"}],"replies":[{"embeddable":true,"href":"http:\/\/yoganauten.de\/index.php?rest_route=%2Fwp%2Fv2%2Fcomments&post=414"}],"version-history":[{"count":3,"href":"http:\/\/yoganauten.de\/index.php?rest_route=\/wp\/v2\/posts\/414\/revisions"}],"predecessor-version":[{"id":417,"href":"http:\/\/yoganauten.de\/index.php?rest_route=\/wp\/v2\/posts\/414\/revisions\/417"}],"wp:attachment":[{"href":"http:\/\/yoganauten.de\/index.php?rest_route=%2Fwp%2Fv2%2Fmedia&parent=414"}],"wp:term":[{"taxonomy":"category","embeddable":true,"href":"http:\/\/yoganauten.de\/index.php?rest_route=%2Fwp%2Fv2%2Fcategories&post=414"},{"taxonomy":"post_tag","embeddable":true,"href":"http:\/\/yoganauten.de\/index.php?rest_route=%2Fwp%2Fv2%2Ftags&post=414"}],"curies":[{"name":"wp","href":"https:\/\/api.w.org\/{rel}","templated":true}]}}