{"id":353,"date":"2016-07-22T07:51:23","date_gmt":"2016-07-22T07:51:23","guid":{"rendered":"http:\/\/yoganauten.de\/?p=353"},"modified":"2016-07-22T07:51:23","modified_gmt":"2016-07-22T07:51:23","slug":"nur","status":"publish","type":"post","link":"http:\/\/yoganauten.de\/?p=353","title":{"rendered":"nur"},"content":{"rendered":"<p><img loading=\"lazy\" decoding=\"async\" class=\"alignnone wp-image-354\" src=\"http:\/\/yoganauten.de\/wp-content\/uploads\/2016\/07\/20160722_092822-300x273.jpg\" alt=\"20160722_092822\" width=\"327\" height=\"298\" srcset=\"http:\/\/yoganauten.de\/wp-content\/uploads\/2016\/07\/20160722_092822-300x273.jpg 300w, http:\/\/yoganauten.de\/wp-content\/uploads\/2016\/07\/20160722_092822-768x699.jpg 768w, http:\/\/yoganauten.de\/wp-content\/uploads\/2016\/07\/20160722_092822-1024x932.jpg 1024w, http:\/\/yoganauten.de\/wp-content\/uploads\/2016\/07\/20160722_092822.jpg 1056w\" sizes=\"auto, (max-width: 327px) 100vw, 327px\" \/><\/p>\n<p>F\u00fchlt ihr die Tiefe der Stille?<\/p>\n<p>Das Nahsein am Nabel der Weltenschnur.<\/p>\n<p>Hochgeatmet an den Kelch der Bl\u00fcten,<\/p>\n<p>das Echo des nach innen gerichteten Raumes:<\/p>\n<p>weit. Heute ging ich hinaus, um mein Gl\u00fcck zu<\/p>\n<p>feiern, inmitten des neuen Projektes:<\/p>\n<p>die Wunder des Tages, die in die Null f\u00fchren<\/p>\n<p>und von dort wieder aufstehen als Eins, und<\/p>\n<p>eins und eins und eins macht das Sternenheer.<\/p>\n<p>Wenn wir unsere eigene Geschichte annehmen<\/p>\n<p>(das armselige Kind), f\u00fcrchten wir uns nicht mehr.<\/p>\n<p>&nbsp;<\/p>\n<p>&nbsp;<\/p>\n","protected":false},"excerpt":{"rendered":"<p>F\u00fchlt ihr die Tiefe der Stille? Das Nahsein am Nabel der Weltenschnur. Hochgeatmet an den Kelch der Bl\u00fcten, das Echo des nach innen gerichteten Raumes: weit. Heute ging ich hinaus, um mein Gl\u00fcck zu feiern, inmitten des neuen Projektes: die Wunder des Tages, die in die Null f\u00fchren und von dort wieder aufstehen als Eins, [&hellip;]<\/p>\n","protected":false},"author":1,"featured_media":0,"comment_status":"open","ping_status":"open","sticky":false,"template":"","format":"standard","meta":{"footnotes":""},"categories":[5],"tags":[],"class_list":["post-353","post","type-post","status-publish","format-standard","hentry","category-poetische-texte-bild"],"_links":{"self":[{"href":"http:\/\/yoganauten.de\/index.php?rest_route=\/wp\/v2\/posts\/353","targetHints":{"allow":["GET"]}}],"collection":[{"href":"http:\/\/yoganauten.de\/index.php?rest_route=\/wp\/v2\/posts"}],"about":[{"href":"http:\/\/yoganauten.de\/index.php?rest_route=\/wp\/v2\/types\/post"}],"author":[{"embeddable":true,"href":"http:\/\/yoganauten.de\/index.php?rest_route=\/wp\/v2\/users\/1"}],"replies":[{"embeddable":true,"href":"http:\/\/yoganauten.de\/index.php?rest_route=%2Fwp%2Fv2%2Fcomments&post=353"}],"version-history":[{"count":1,"href":"http:\/\/yoganauten.de\/index.php?rest_route=\/wp\/v2\/posts\/353\/revisions"}],"predecessor-version":[{"id":356,"href":"http:\/\/yoganauten.de\/index.php?rest_route=\/wp\/v2\/posts\/353\/revisions\/356"}],"wp:attachment":[{"href":"http:\/\/yoganauten.de\/index.php?rest_route=%2Fwp%2Fv2%2Fmedia&parent=353"}],"wp:term":[{"taxonomy":"category","embeddable":true,"href":"http:\/\/yoganauten.de\/index.php?rest_route=%2Fwp%2Fv2%2Fcategories&post=353"},{"taxonomy":"post_tag","embeddable":true,"href":"http:\/\/yoganauten.de\/index.php?rest_route=%2Fwp%2Fv2%2Ftags&post=353"}],"curies":[{"name":"wp","href":"https:\/\/api.w.org\/{rel}","templated":true}]}}