{"id":21793,"date":"2025-07-06T08:18:40","date_gmt":"2025-07-06T08:18:40","guid":{"rendered":"https:\/\/yoganauten.de\/?p=21793"},"modified":"2025-07-06T08:18:40","modified_gmt":"2025-07-06T08:18:40","slug":"dalai-lama","status":"publish","type":"post","link":"http:\/\/yoganauten.de\/?p=21793","title":{"rendered":"Dalai Lama"},"content":{"rendered":"\n<p><a href=\"https:\/\/www.dw.com\/de\/dalai-lama-feiert-80-geburtstag-im-exil\/a-18559107\" target=\"_blank\" rel=\"noreferrer noopener\"><\/a><\/p>\n\n\n\n<h1 class=\"wp-block-heading\"><a href=\"https:\/\/www.dw.com\/de\/dalai-lama-feiert-80-geburtstag-im-exil\/a-18559107\" target=\"_blank\" rel=\"noreferrer noopener\"><div class=\"p7sI2 PUxBg\" data-ved=\"0CBAQ5OoBahcKEwj4quDC3qeOAxUAAAAAHQAAAAAQBA\"><a data-ved=\"0CBEQjRxqFwoTCPiq4MLep44DFQAAAAAdAAAAABAE\" class=\"YsLeY\" role=\"link\" tabindex=\"0\" aria-label=\"DW aufrufen\" href=\"https:\/\/www.dw.com\/de\/dalai-lama-feiert-80-geburtstag-im-exil\/a-18559107\" target=\"_blank\" rel=\"noopener\"><img decoding=\"async\" class=\"sFlh5c FyHeAf iPVvYb\" style=\"max-width: 545px; width: 545px; height: 307px; margin: 0px;\" src=\"https:\/\/static.dw.com\/image\/18236847_603.jpg\" alt=\"Der Dalai Lama wird 80 \u2013 DW \u2013 03.07.2015\"><img decoding=\"async\" data-ilt=\"1751787914208\" class=\"sFlh5c FyHeAf\" style=\"max-width: 545px; position: absolute; visibility: hidden;\" src=\"https:\/\/encrypted-tbn0.gstatic.com\/images?q=tbn:ANd9GcRi-ecns8Us5RJ-5D8DjwYDhwkd549wWvNlvQ&amp;s\" alt=\"Der Dalai Lama wird 80 \u2013 DW \u2013 03.07.2015\"><\/a><\/div><\/a><\/h1>\n\n\n\n<p><a href=\"https:\/\/www.dw.com\/de\/dalai-lama-feiert-80-geburtstag-im-exil\/a-18559107\" target=\"_blank\" rel=\"noreferrer noopener\"><div class=\"Xjvi4\"><div class=\"owyAfe\"><div class=\"V897Gd\"><div class=\"Vw2awf\" data-lb-ep=\"3\" data-lb-ictx=\"2\"><\/div><\/div><svg class=\"R8rLhe RsW3Ke\" viewBox=\"0 0 24 24\" height=\"20\" width=\"20\"><\/svg><div class=\"MGetKb\" data-ved=\"0CBMQ_OAMahcKEwj4quDC3qeOAxUAAAAAHQAAAAAQBA\"><div class=\"vm0lrd\"><span class=\"k904Qd RMagM cS4Vcb-pGL6qe-lfQAOe\"><\/span><\/div><\/div><\/div><\/div><\/a><div><a href=\"https:\/\/www.dw.com\/de\/dalai-lama-feiert-80-geburtstag-im-exil\/a-18559107\" target=\"_blank\" rel=\"noreferrer noopener\"><\/a><div><a href=\"https:\/\/www.dw.com\/de\/dalai-lama-feiert-80-geburtstag-im-exil\/a-18559107\" target=\"_blank\" rel=\"noreferrer noopener\"><\/a><div class=\"MGetKb\" data-ved=\"0CBMQ_OAMahcKEwj4quDC3qeOAxUAAAAAHQAAAAAQBA\"><a href=\"https:\/\/www.dw.com\/de\/dalai-lama-feiert-80-geburtstag-im-exil\/a-18559107\" target=\"_blank\" rel=\"noreferrer noopener\"><\/a><div class=\"vm0lrd\"><a href=\"https:\/\/www.dw.com\/de\/dalai-lama-feiert-80-geburtstag-im-exil\/a-18559107\" target=\"_blank\" rel=\"noreferrer noopener\"><\/a><a data-ved=\"0CBQQjhxqFwoTCPiq4MLep44DFQAAAAAdAAAAABAE\" class=\"Hnk30e indIKd\" href=\"https:\/\/www.dw.com\/de\/dalai-lama-feiert-80-geburtstag-im-exil\/a-18559107\" target=\"_blank\" rel=\"noopener\"><h1 class=\"tE7R7 indIKd q23Yce fA1vYb cS4Vcb-pGL6qe-fwJd0c\"><\/h1><\/a><\/div><\/div><\/div><\/div><\/p>\n\n\n\n<div style=\"height:40px\" aria-hidden=\"true\" class=\"wp-block-spacer\"><\/div>\n\n\n\n<h3 class=\"wp-block-heading\">Vor einigen Jahren hatte ich die Gelegenheit, in Delhi \u00fcber eine im Buddhismus verankerte Freundin eine Einladung zu einem Besuch beim Dalai Lama zu bekommen. Es war ein &#8218;kleiner&#8216; Kreis von ungef\u00e4hr 200 Menschen. Alle waren voller Erwartung und hochgestimmt, und dann kam er auch herein, der Dalai Lama. Soweit ich mich erinnere, sprach er Hindi und Englisch, es war nicht so leicht, die Worte zu verstehen. Was aber sp\u00fcrbar war, war eine hohe Dosis an Liebe, die er ausl\u00f6ste, man h\u00e4tte sich gar nicht entziehen k\u00f6nnen. Wenn es jemandem in so einem hohen Amt gelingt, authentisch zu sein und zu bleiben, dann hat man das Gef\u00fchl, einen &#8218;wahren&#8216; Menschen zu treffen, also einen, der selbst durch alles hindurch ist und dem es gelungen ist, trotzdem, also trotz allen schweren Pr\u00fcfungen, die man hier auf dem Planeten durchwandern muss, seine Liebe, sprich: das Mitgef\u00fchl  den Wesen gegen\u00fcber nicht zu verlieren. Was sollte er auch sonst tun. Er ist als Kind durch ein Ritual ausgew\u00e4hlt worden, und abgesehen von der chinesischen Regierung und ihren fanatischen Followers hat er viele Anderen auf der Erde nicht entt\u00e4uscht. Ein Mensch, der Zuflucht anbieten kann f\u00fcr so viele Bed\u00fcrftige und Wissenshungrige. Ein weiser Mann und einfacher Mensch, heute 90 Jahre alt. 90 lange, w\u00fcrdig gelebte Jahre. Mit Dank und tiefer Hochachtung in Richtung Dharamsala.<\/h3>\n\n\n\n<p><\/p>\n","protected":false},"excerpt":{"rendered":"<p>Vor einigen Jahren hatte ich die Gelegenheit, in Delhi \u00fcber eine im Buddhismus verankerte Freundin eine Einladung zu einem Besuch beim Dalai Lama zu bekommen. Es war ein &#8218;kleiner&#8216; Kreis von ungef\u00e4hr 200 Menschen. Alle waren voller Erwartung und hochgestimmt, und dann kam er auch herein, der Dalai Lama. Soweit ich mich erinnere, sprach er [&hellip;]<\/p>\n","protected":false},"author":1,"featured_media":0,"comment_status":"open","ping_status":"open","sticky":false,"template":"","format":"standard","meta":{"footnotes":""},"categories":[1],"tags":[],"class_list":["post-21793","post","type-post","status-publish","format-standard","hentry","category-uncategorized"],"_links":{"self":[{"href":"http:\/\/yoganauten.de\/index.php?rest_route=\/wp\/v2\/posts\/21793","targetHints":{"allow":["GET"]}}],"collection":[{"href":"http:\/\/yoganauten.de\/index.php?rest_route=\/wp\/v2\/posts"}],"about":[{"href":"http:\/\/yoganauten.de\/index.php?rest_route=\/wp\/v2\/types\/post"}],"author":[{"embeddable":true,"href":"http:\/\/yoganauten.de\/index.php?rest_route=\/wp\/v2\/users\/1"}],"replies":[{"embeddable":true,"href":"http:\/\/yoganauten.de\/index.php?rest_route=%2Fwp%2Fv2%2Fcomments&post=21793"}],"version-history":[{"count":2,"href":"http:\/\/yoganauten.de\/index.php?rest_route=\/wp\/v2\/posts\/21793\/revisions"}],"predecessor-version":[{"id":21795,"href":"http:\/\/yoganauten.de\/index.php?rest_route=\/wp\/v2\/posts\/21793\/revisions\/21795"}],"wp:attachment":[{"href":"http:\/\/yoganauten.de\/index.php?rest_route=%2Fwp%2Fv2%2Fmedia&parent=21793"}],"wp:term":[{"taxonomy":"category","embeddable":true,"href":"http:\/\/yoganauten.de\/index.php?rest_route=%2Fwp%2Fv2%2Fcategories&post=21793"},{"taxonomy":"post_tag","embeddable":true,"href":"http:\/\/yoganauten.de\/index.php?rest_route=%2Fwp%2Fv2%2Ftags&post=21793"}],"curies":[{"name":"wp","href":"https:\/\/api.w.org\/{rel}","templated":true}]}}