{"id":19012,"date":"2024-03-28T09:23:53","date_gmt":"2024-03-28T09:23:53","guid":{"rendered":"http:\/\/yoganauten.de\/?p=19012"},"modified":"2024-03-28T09:23:53","modified_gmt":"2024-03-28T09:23:53","slug":"veraendern-2","status":"publish","type":"post","link":"http:\/\/yoganauten.de\/?p=19012","title":{"rendered":"ver\u00e4ndern"},"content":{"rendered":"<p><img loading=\"lazy\" decoding=\"async\" class=\"alignnone  wp-image-19013\" src=\"http:\/\/yoganauten.de\/wp-content\/uploads\/2024\/03\/20240328_074749-300x300.jpg\" alt=\"\" width=\"266\" height=\"266\" srcset=\"http:\/\/yoganauten.de\/wp-content\/uploads\/2024\/03\/20240328_074749-300x300.jpg 300w, http:\/\/yoganauten.de\/wp-content\/uploads\/2024\/03\/20240328_074749-150x150.jpg 150w, http:\/\/yoganauten.de\/wp-content\/uploads\/2024\/03\/20240328_074749-768x768.jpg 768w, http:\/\/yoganauten.de\/wp-content\/uploads\/2024\/03\/20240328_074749-1024x1024.jpg 1024w, http:\/\/yoganauten.de\/wp-content\/uploads\/2024\/03\/20240328_074749-365x365.jpg 365w, http:\/\/yoganauten.de\/wp-content\/uploads\/2024\/03\/20240328_074749-500x500.jpg 500w, http:\/\/yoganauten.de\/wp-content\/uploads\/2024\/03\/20240328_074749.jpg 1052w\" sizes=\"auto, (max-width: 266px) 100vw, 266px\" \/><\/p>\n<h5>Wir abonnieren die &#8222;Zeit&#8220;, obwohl wir alle mit dem Lesen davon hinterherhinken, \u00fcberm\u00fcdet von und bereits \u00fcberfrachtet mit allerlei politischen und gesellschaftlich bedingten Meinungen. Aber zumindest f\u00fchlt man sich hier (in der &#8222;Zeit&#8220;) verantwortlich f\u00fcr das immerhin existierende Level von Intelligenz, das war mit der &#8222;Times of India&#8220; leider gar nicht verl\u00e4sslich. Neuerdings entwickle ich ein Interesse an dem Thema der Titelseite, da sich darin ein gener\u00f6s gestreutes Denken ausdr\u00fcckt, das mir manchmal vorkommt, als w\u00e4re es philosophischen Ursprungs, nun jedoch in die Mitte allgemeiner Denkweise ger\u00fcckt ist, nach Bedeutung und Sinn suchend und einem zunehmenden Bedarf der Allgemeinheit entsprechend. Die Zeitung lag heute schon in der Herrgottsfr\u00fche da, wahrscheinlich weil Gr\u00fcndonnerstag ist, angeblich ein Tag zum Weinen, was sich nicht von &#8222;gr\u00fcn&#8220; ableitet, sondern von grienen, ein altes Wort f\u00fcr weinen, weil in einem unnachvollziehbaren Damals schlimmes Zeug passiert ist. Auf der Titelseite der Zeit steht die Frage, ob der Mensch sich \u00e4ndern kann, und so will ich zuerst selber etwas dar\u00fcber nachdenken, bzw. muss mit den hereinstr\u00f6menden Informationen aus meinen pers\u00f6nlichen Archiven umgehen, von denen die meisten die Frage bejahen. Klar, habe mir vor langer Zeit\u00a0 mal das Rauchen abgew\u00f6hnt, weil ich einst auf einer Stra\u00dfe in Kaschmir kein Geld f\u00fcr Zigaretten hatte und dachte, dann lass ichs halt einfach. Es dauerte ein Jahr, bis ich auf einmal umringt war von Nichtrauchern, was den Prozess vereinfachte, obwohl es trotzdem lange brauchte, bis ich mir nicht mehr vorstellen konnte, einen Glimmstengel zwischen den Lippen zu haben. Und das ist ja nur ein unbedeutender Klacks in der potentiellen M\u00f6glichkeit von Ver\u00e4nderungen. Es gibt immer mal wieder Menschen, die gerne h\u00e4tten, dass man anders ist, als man ist oder sein kann. Doch durch die Anderen geschieht ja nicht das, was man von sich selbst m\u00f6chte, und das muss man zuerst heraust\u00fcfteln: was man von sich selbst m\u00f6chte, und wo einen nur der Wille zu Ver\u00e4nderung hintransportieren kann. An Horoskopen hat mich immer nur, wenn \u00fcberhaupt, interessiert, ob man sie sprengen kann, also ob man die Idee und die Empfindung des eigenen Ichs erweitern und dadurch ver\u00e4ndern kann in das mir erst einmal nicht Vorstellbare. Denn ja, einerseits ist mein eigenes Welt-und Selbstbild auf meine Wahrnehmung beschr\u00e4nkt, aber gerade die gilt es zu \u00fcberpr\u00fcfen auf Weite, Tiefe, H\u00f6he und die breite F\u00e4cherung des in mir Zugelassenen im Rahmen meiner nat\u00fcrlichen Begrenzung als Einzelwesen. So k\u00f6nnen alle w\u00fcnschenswerten Vorstellungen \u00fcber sich eigentlich nur an den eigenen Kern gebunden sein, in dem das Potential geb\u00fcndelt ist. M e i n Potential und meine eingesetzten Kr\u00e4fte, diesen Kern unerm\u00fcdlich zu neuer Entfaltung zu f\u00fchren.<\/h5>\n<p>&nbsp;<\/p>\n","protected":false},"excerpt":{"rendered":"<p>Wir abonnieren die &#8222;Zeit&#8220;, obwohl wir alle mit dem Lesen davon hinterherhinken, \u00fcberm\u00fcdet von und bereits \u00fcberfrachtet mit allerlei politischen und gesellschaftlich bedingten Meinungen. Aber zumindest f\u00fchlt man sich hier (in der &#8222;Zeit&#8220;) verantwortlich f\u00fcr das immerhin existierende Level von Intelligenz, das war mit der &#8222;Times of India&#8220; leider gar nicht verl\u00e4sslich. Neuerdings entwickle ich [&hellip;]<\/p>\n","protected":false},"author":1,"featured_media":0,"comment_status":"open","ping_status":"open","sticky":false,"template":"","format":"standard","meta":{"footnotes":""},"categories":[1],"tags":[],"class_list":["post-19012","post","type-post","status-publish","format-standard","hentry","category-uncategorized"],"_links":{"self":[{"href":"http:\/\/yoganauten.de\/index.php?rest_route=\/wp\/v2\/posts\/19012","targetHints":{"allow":["GET"]}}],"collection":[{"href":"http:\/\/yoganauten.de\/index.php?rest_route=\/wp\/v2\/posts"}],"about":[{"href":"http:\/\/yoganauten.de\/index.php?rest_route=\/wp\/v2\/types\/post"}],"author":[{"embeddable":true,"href":"http:\/\/yoganauten.de\/index.php?rest_route=\/wp\/v2\/users\/1"}],"replies":[{"embeddable":true,"href":"http:\/\/yoganauten.de\/index.php?rest_route=%2Fwp%2Fv2%2Fcomments&post=19012"}],"version-history":[{"count":3,"href":"http:\/\/yoganauten.de\/index.php?rest_route=\/wp\/v2\/posts\/19012\/revisions"}],"predecessor-version":[{"id":19018,"href":"http:\/\/yoganauten.de\/index.php?rest_route=\/wp\/v2\/posts\/19012\/revisions\/19018"}],"wp:attachment":[{"href":"http:\/\/yoganauten.de\/index.php?rest_route=%2Fwp%2Fv2%2Fmedia&parent=19012"}],"wp:term":[{"taxonomy":"category","embeddable":true,"href":"http:\/\/yoganauten.de\/index.php?rest_route=%2Fwp%2Fv2%2Fcategories&post=19012"},{"taxonomy":"post_tag","embeddable":true,"href":"http:\/\/yoganauten.de\/index.php?rest_route=%2Fwp%2Fv2%2Ftags&post=19012"}],"curies":[{"name":"wp","href":"https:\/\/api.w.org\/{rel}","templated":true}]}}