{"id":15638,"date":"2022-03-28T09:09:18","date_gmt":"2022-03-28T09:09:18","guid":{"rendered":"http:\/\/yoganauten.de\/?p=15638"},"modified":"2022-03-28T09:10:51","modified_gmt":"2022-03-28T09:10:51","slug":"schwer-heilbar","status":"publish","type":"post","link":"http:\/\/yoganauten.de\/?p=15638","title":{"rendered":"schwer heilbar"},"content":{"rendered":"<h5><img loading=\"lazy\" decoding=\"async\" class=\"alignnone wp-image-15644\" src=\"http:\/\/yoganauten.de\/wp-content\/uploads\/2022\/03\/20220328_091622-287x300.jpg\" alt=\"\" width=\"346\" height=\"362\" srcset=\"http:\/\/yoganauten.de\/wp-content\/uploads\/2022\/03\/20220328_091622-287x300.jpg 287w, http:\/\/yoganauten.de\/wp-content\/uploads\/2022\/03\/20220328_091622-768x803.jpg 768w, http:\/\/yoganauten.de\/wp-content\/uploads\/2022\/03\/20220328_091622-980x1024.jpg 980w\" sizes=\"auto, (max-width: 346px) 100vw, 346px\" \/><\/h5>\n<h5>Ich habe das schon einmal als eine \u00dcberraschung beschrieben, dass ich seit dem Ausbruch des Krieges in der Ukraine selbst keine Bilder mehr pinsle und eigentlich vom Gedanken her erwartet habe, das Wort unpassender zu finden als das Bild, aber mein innerer Raum, also auch die Bildfl\u00e4che, ist belegt mit dem unheilschwangeren Geschehen. Ich m\u00fcsste mich demnach dem Anspruch stellen, diesen Erfahrungen Ausdruck zu verleihen, und danach ist mir zur Zeit nicht und bem\u00fche lieber die Worte, mir den Dienst zu erweisen, mich wenigstens in die N\u00e4he des Unsagbaren zu wagen. Gleichzeitig gleiten gerade eine Menge Papiere durch meine H\u00e4nde. Es sind meine Sammlungen von Bildern und Texten, die ich f\u00fcr aufbewahrungswert hielt und teilweise noch halte, obwohl mich auch jeder Schwung in die Papiertonne erfreut. Beim Durchforsten der Bilder fiel mir der leicht sagbare Satz ein, dass &#8222;alles mit allem verbunden sei&#8220;, und ja, es stimmt in vieler Hinsicht. So erfahre ich auch, dass meine Gef\u00fchle und Befindlichkeiten sich Verbindungen suchen in diesen Bildern, die ich selbst einmal aus anderen Kontexten heraus gew\u00e4hlt habe,\u00a0 und die nun in freier Assoziation etwas von mir ausdr\u00fccken, eben eine M\u00f6glichkeit der Belichtung f\u00fcr innere Vorg\u00e4nge. Insofern lebt jede\/r in seiner und ihrer eigenen Welt und wir stellen die Verbindungen her, die uns ansprechen. Mit der offensichtlich unsterblichen Trag\u00f6die des Krieges mit seinem unausrottbar m\u00e4nnlichen Heldentumsgebaren, den davonfliehenden Ehefrauen (und einfliegenden Krankenschwestern), den M\u00fcttern und Kindern, die t\u00e4glich in traumatisierte Zukunften hineintaumeln, und die Vernichtung jeder Vorstellung mit sich bringen davon, wie weit Menschen ihre Entgleisungen vorantreiben k\u00f6nnen. Oder auch die Maskerade, die benutzt werden kann, um die eigene Fremdheit entweder zu feiern oder zu verbergen. Ich ziehe gerade die geh\u00f6rten Nachrichten vor. Nicht zu viele von ihnen, denn alles l\u00e4uft \u00fcberall auf Hochtouren, und Bilder finden nun einmal ihre Wege in die tieferen Schichten des Gewebes. Da kann man sich auch f\u00fcr das eigene Resonanzfeld entscheiden, wenn es einem noch zur Verf\u00fcgung steht. Das Bild, das ich heute gew\u00e4hlt habe, ist von einem Mann namens Georg Paulmichl, der in einer Werkstatt f\u00fcr &#8222;Behinderte&#8220; malt und dichtet, und dessen Talent von einem Betreuer entdeckt und unterst\u00fctzt wurde. Paulmichl sagte: &#8222;In der Werkstatt bin ich ein Dichter. Dichter sein ist ein feiner Beruf.&#8220; Das Bild hat mich ber\u00fchrt durch seine verletzliche Zartheit. Es ist das, was in den Kriegen zerst\u00f6rt wird und was sich so oft nicht mehr erholen kann. Man sieht das schwer Heilbare in die Gesellschaften einziehen.<\/h5>\n<p>&nbsp;<\/p>\n<p>&nbsp;<\/p>\n","protected":false},"excerpt":{"rendered":"<p>Ich habe das schon einmal als eine \u00dcberraschung beschrieben, dass ich seit dem Ausbruch des Krieges in der Ukraine selbst keine Bilder mehr pinsle und eigentlich vom Gedanken her erwartet habe, das Wort unpassender zu finden als das Bild, aber mein innerer Raum, also auch die Bildfl\u00e4che, ist belegt mit dem unheilschwangeren Geschehen. Ich m\u00fcsste [&hellip;]<\/p>\n","protected":false},"author":1,"featured_media":0,"comment_status":"open","ping_status":"open","sticky":false,"template":"","format":"standard","meta":{"footnotes":""},"categories":[1],"tags":[],"class_list":["post-15638","post","type-post","status-publish","format-standard","hentry","category-uncategorized"],"_links":{"self":[{"href":"http:\/\/yoganauten.de\/index.php?rest_route=\/wp\/v2\/posts\/15638","targetHints":{"allow":["GET"]}}],"collection":[{"href":"http:\/\/yoganauten.de\/index.php?rest_route=\/wp\/v2\/posts"}],"about":[{"href":"http:\/\/yoganauten.de\/index.php?rest_route=\/wp\/v2\/types\/post"}],"author":[{"embeddable":true,"href":"http:\/\/yoganauten.de\/index.php?rest_route=\/wp\/v2\/users\/1"}],"replies":[{"embeddable":true,"href":"http:\/\/yoganauten.de\/index.php?rest_route=%2Fwp%2Fv2%2Fcomments&post=15638"}],"version-history":[{"count":6,"href":"http:\/\/yoganauten.de\/index.php?rest_route=\/wp\/v2\/posts\/15638\/revisions"}],"predecessor-version":[{"id":15648,"href":"http:\/\/yoganauten.de\/index.php?rest_route=\/wp\/v2\/posts\/15638\/revisions\/15648"}],"wp:attachment":[{"href":"http:\/\/yoganauten.de\/index.php?rest_route=%2Fwp%2Fv2%2Fmedia&parent=15638"}],"wp:term":[{"taxonomy":"category","embeddable":true,"href":"http:\/\/yoganauten.de\/index.php?rest_route=%2Fwp%2Fv2%2Fcategories&post=15638"},{"taxonomy":"post_tag","embeddable":true,"href":"http:\/\/yoganauten.de\/index.php?rest_route=%2Fwp%2Fv2%2Ftags&post=15638"}],"curies":[{"name":"wp","href":"https:\/\/api.w.org\/{rel}","templated":true}]}}