{"id":14481,"date":"2021-10-25T08:28:44","date_gmt":"2021-10-25T08:28:44","guid":{"rendered":"http:\/\/yoganauten.de\/?p=14481"},"modified":"2021-10-25T08:28:44","modified_gmt":"2021-10-25T08:28:44","slug":"nachzuengeln","status":"publish","type":"post","link":"http:\/\/yoganauten.de\/?p=14481","title":{"rendered":"nachz\u00fc(n)geln"},"content":{"rendered":"<p><img loading=\"lazy\" decoding=\"async\" class=\"alignnone  wp-image-14482\" src=\"http:\/\/yoganauten.de\/wp-content\/uploads\/2021\/10\/20211022_154557-300x300.jpg\" alt=\"\" width=\"349\" height=\"349\" srcset=\"http:\/\/yoganauten.de\/wp-content\/uploads\/2021\/10\/20211022_154557-300x300.jpg 300w, http:\/\/yoganauten.de\/wp-content\/uploads\/2021\/10\/20211022_154557-150x150.jpg 150w, http:\/\/yoganauten.de\/wp-content\/uploads\/2021\/10\/20211022_154557-768x768.jpg 768w, http:\/\/yoganauten.de\/wp-content\/uploads\/2021\/10\/20211022_154557-1024x1024.jpg 1024w, http:\/\/yoganauten.de\/wp-content\/uploads\/2021\/10\/20211022_154557-365x365.jpg 365w, http:\/\/yoganauten.de\/wp-content\/uploads\/2021\/10\/20211022_154557-500x500.jpg 500w\" sizes=\"auto, (max-width: 349px) 100vw, 349px\" \/><\/p>\n<h5>Herr Spahn m\u00f6chte also die pandemische Lage beenden, wobei sich neben virtuellen Freudent\u00e4nzen sofort ein &#8222;Obwohl&#8220; aufdr\u00e4ngt, weil ja die Infektionszahlen wieder ziemlich ruckartig ansteigen und von vierter Welle und \u00fcberf\u00fcllten Betten in den Krankenh\u00e4usern die Rede ist. Nicht, dass man sich \u00fcber irgend etwas eine Meinung bilden muss, wenn man das nicht f\u00fcr n\u00f6tig h\u00e4lt, und nun schaue ich mal, ob sich hier was bildet oder nicht bildet. Ich kann ja nicht leugnen, dass ich auch Mitglied der pandemischen Lage war, obwohl ich in nahem Kontakt herzlich wenig davon mitbekommen habe. Aber es lag was in der Luft, sozusagen eine pandemische Atmosph\u00e4re, die vermutlich in den Individuen mehr Ver\u00e4nderungen hervorgebracht hat, als es andere globale Ereignisse verm\u00f6gen au\u00dfer vielleicht Weltkriege, die von der Welt dann auch dementsprechend kommentiert werden und in die Archive der Menschheit einflie\u00dfen. Nat\u00fcrlich gibt es auch ein Ger\u00fccht \u00fcber Herrn Spahn, n\u00e4mlich, dass es sein k\u00f6nnte, dass er der n\u00e4chsten Regierung ein weiteres komplexes Problem \u00fcberlassen m\u00f6chte, um bei ihren Bew\u00e4ltigungsstrategien demn\u00e4chst zuschauen zu k\u00f6nnen. Aber wer wei\u00df schon, was sich hinter einer Spahn-Stirn alles tut, dar\u00fcber kann man also auch nicht nachdenken. Vielleicht bin ich ja eine Pandemie-Nachz\u00fcglerin und komme erst noch einmal kurz in etwas an, was bald schon wieder vorbei ist. Die Impferei war auch so was von simpel, und sofort war&#8217;s vorbei. Ich wollte auch nicht ne halbe Stunde da noch rumsitzen im Gro\u00dfraum, um zu schauen, ob es mir gut geht, denn wer soll au\u00dfer mir einsch\u00e4tzen k\u00f6nnen, wie es mir geht. Ich meldete mich also ab und wurde gefragt, ob ich Eigenverantwortung daf\u00fcr \u00fcbernehme. Na klaro, sagte ich freundlich, denn ich kenne das gar nicht anders. Wer um Himmels Willen sollte die Verantwortung f\u00fcr mich \u00fcbernehmen. Ich beobachte \u00fcbrigens leicht am\u00fcsiert, wie selbstverst\u00e4ndlich f\u00fcr die meisten Menschen das \u00dcberstreifen der Maske geworden ist. Nun kommt es darauf an, ob die B\u00fcrger-und B\u00fcrgerinnen diese vielbenannte &#8222;Normalit\u00e4t&#8220;, die verloren zu gehen drohte, ob sie die denn wieder haben wollen. Die pandemische Lage k\u00f6nnte ja auch ein Dauerzustand werden, oder ist sie bereits ein Dauerzustand. Gestern lief ich allein einen sonnigen H\u00fcgel hinauf und als ich den eisigen Wind einatmete, dachte ich an meine Maske, die ich nat\u00fcrlich nicht dabei hatte. Am Samstag kam ich in die Situation, f\u00fcr eine Maskenvergessenhabende in der Apotheke eine Maske zu kaufen. Es war die erste Maske, die ich selber kaufte, obwohl noch aus den Anfangstagen ein paar sch\u00f6ne Stoffdinger bei mir h\u00e4ngen, die sich Freunde ausgedacht haben. Nun tragen wir ja alle diese medizinischen Teile, und cih war \u00fcberrascht, nicht nur die furchtbaren Blau\/Wei\u00dfen vorzufinden, sondern nein, es gab sie in verschiedenen Farben. So kaufte ich mir auch gleich eine pinke, und das f\u00fcr nur 50 Cent. Also beenden Sie ruhig die pandemische Lage, Herr Spahn, vielleicht z\u00fcndet das Thema eher in der Wirtschaft als jetzt bei mir pers\u00f6nlich. Es kann ja sein, dass die interessanten Geschichten erst durchkommen, wenn ein Schlussstrich gesetzt wird unter einen Ausnahmezustand wie die pandemische Lage. Und obwohl Maskierung\u00a0 und Distanz immer noch ged\u00fcrft werden wird, ist das Gesamtbild bereits dabei, sich zu verwandeln. Halt wie immer.<\/h5>\n<p>&nbsp;<\/p>\n","protected":false},"excerpt":{"rendered":"<p>Herr Spahn m\u00f6chte also die pandemische Lage beenden, wobei sich neben virtuellen Freudent\u00e4nzen sofort ein &#8222;Obwohl&#8220; aufdr\u00e4ngt, weil ja die Infektionszahlen wieder ziemlich ruckartig ansteigen und von vierter Welle und \u00fcberf\u00fcllten Betten in den Krankenh\u00e4usern die Rede ist. Nicht, dass man sich \u00fcber irgend etwas eine Meinung bilden muss, wenn man das nicht f\u00fcr n\u00f6tig [&hellip;]<\/p>\n","protected":false},"author":1,"featured_media":0,"comment_status":"open","ping_status":"open","sticky":false,"template":"","format":"standard","meta":{"footnotes":""},"categories":[1],"tags":[],"class_list":["post-14481","post","type-post","status-publish","format-standard","hentry","category-uncategorized"],"_links":{"self":[{"href":"http:\/\/yoganauten.de\/index.php?rest_route=\/wp\/v2\/posts\/14481","targetHints":{"allow":["GET"]}}],"collection":[{"href":"http:\/\/yoganauten.de\/index.php?rest_route=\/wp\/v2\/posts"}],"about":[{"href":"http:\/\/yoganauten.de\/index.php?rest_route=\/wp\/v2\/types\/post"}],"author":[{"embeddable":true,"href":"http:\/\/yoganauten.de\/index.php?rest_route=\/wp\/v2\/users\/1"}],"replies":[{"embeddable":true,"href":"http:\/\/yoganauten.de\/index.php?rest_route=%2Fwp%2Fv2%2Fcomments&post=14481"}],"version-history":[{"count":2,"href":"http:\/\/yoganauten.de\/index.php?rest_route=\/wp\/v2\/posts\/14481\/revisions"}],"predecessor-version":[{"id":14486,"href":"http:\/\/yoganauten.de\/index.php?rest_route=\/wp\/v2\/posts\/14481\/revisions\/14486"}],"wp:attachment":[{"href":"http:\/\/yoganauten.de\/index.php?rest_route=%2Fwp%2Fv2%2Fmedia&parent=14481"}],"wp:term":[{"taxonomy":"category","embeddable":true,"href":"http:\/\/yoganauten.de\/index.php?rest_route=%2Fwp%2Fv2%2Fcategories&post=14481"},{"taxonomy":"post_tag","embeddable":true,"href":"http:\/\/yoganauten.de\/index.php?rest_route=%2Fwp%2Fv2%2Ftags&post=14481"}],"curies":[{"name":"wp","href":"https:\/\/api.w.org\/{rel}","templated":true}]}}