{"id":14129,"date":"2021-09-11T07:37:37","date_gmt":"2021-09-11T07:37:37","guid":{"rendered":"http:\/\/yoganauten.de\/?p=14129"},"modified":"2021-09-11T10:39:33","modified_gmt":"2021-09-11T10:39:33","slug":"9-11","status":"publish","type":"post","link":"http:\/\/yoganauten.de\/?p=14129","title":{"rendered":"9\/11"},"content":{"rendered":"<p><img loading=\"lazy\" decoding=\"async\" class=\"alignnone wp-image-14130\" src=\"http:\/\/yoganauten.de\/wp-content\/uploads\/2021\/09\/20210911_084605-300x300.jpg\" alt=\"\" width=\"353\" height=\"353\" srcset=\"http:\/\/yoganauten.de\/wp-content\/uploads\/2021\/09\/20210911_084605-300x300.jpg 300w, http:\/\/yoganauten.de\/wp-content\/uploads\/2021\/09\/20210911_084605-150x150.jpg 150w, http:\/\/yoganauten.de\/wp-content\/uploads\/2021\/09\/20210911_084605-768x767.jpg 768w, http:\/\/yoganauten.de\/wp-content\/uploads\/2021\/09\/20210911_084605-1024x1024.jpg 1024w, http:\/\/yoganauten.de\/wp-content\/uploads\/2021\/09\/20210911_084605-365x365.jpg 365w, http:\/\/yoganauten.de\/wp-content\/uploads\/2021\/09\/20210911_084605-500x500.jpg 500w\" sizes=\"auto, (max-width: 353px) 100vw, 353px\" \/><\/p>\n<h5>Mir ist es auch w\u00e4hrend der Pandemie schon mal passiert, dass ich dachte: &#8222;Wie, schon wieder Freitag&#8220;, oder Montag usw., und ich merke, dass sich da tats\u00e4chlich eine gewisse Zeitlosigkeit eingeschlichen hat wie ein Nebenprodukt des Hauptdarstellers Corona, weil man ja eine Zeitlang glauben wollte, das alles mit den Masken und so bald aufh\u00f6ren w\u00fcrde, es hat aber nicht aufgeh\u00f6rt. Und bei 9\/11 habe ich jetzt die Jahre auch nicht mitgez\u00e4hlt, aber da war ich doch kurz erstaunt, dass es schon 20 Jahre her ist. Selbst nach der digitalen Revolution sind ja nicht alle Nachrichten \u00fcberall abrufbar gewesen, aber von 9\/11 wurde niemand verschont. Das allen Menschen gleicherma\u00dfen Unfassbare war eingetreten, und klar mussten nicht nur d i e darunter leiden, die die vielen Toten zu beklagen hatten, sondern auch alle Muslime der Welt bekamen zu sp\u00fcren, dass jetzt etwas infrage gestellt wurde, was schwer zu kl\u00e4ren war. Auch in Indien lebten Hindus und Muslime lange Zeit mehr oder minder friedlich miteinander, zumindest, ohne sich totzuschlagen. Die indische Welt ist prall gef\u00fcllt mit sichtbaren Seltsamkeiten, und wenn etwas auff\u00e4llt, muss es schon sehr auffallend sein. Die Detonationen von 9\/11 hatten dann allerdings auch dort immense Auswirkungen, und bis heute sind sie nicht wirklich verklungen. Ein Loch, eine Leere, ein Totenort, Ground Zero also gibt davon Zeugnis, und jede\/r in der Welt kennt ihn. 20 Jahre her ist das alles, erstaunlich. Wir waren zu zweit in M\u00fcnchen bei einem Besuch unterwegs, der uns viel bedeutet, weil es dort die M\u00f6glichkeit gibt, die Geschehnisse des Au\u00dfen und Innen auf wohltuendem Niveau zu besprechen, und gelacht wird auch genug. Wir waren gerade bei Fritz in seinem an sich schon atemberaubenden Studio, und er zeigte uns ein wunderbares Urnen-Gef\u00e4\u00df, das er f\u00fcr Shelley, den Kater und seine Asche angefertigt hatte, und es wurde sehr, sehr still, als mitten in diese Stille Tamara hereinst\u00fcrmte mit der Frage, ob wir schon w\u00fcssten, was wir noch nicht wussten. Wie dann die ganze Welt den Vorgang immer und immer wieder anschaute, bis man nicht mehr konnte. Das war ganz eindeutig ein Riss in der Menschheitsgeschichte, oder man k\u00f6nnte es auch einen m\u00e4chtigen Schalthebel nennen, oder eine Erweckungsglocke, oder was auch immer jede\/r damit machte. Und ein friedlicher, muslimischer Vater hatte auf einmal sicherlich andere Sorgen als wir, die wir uns den Luxus des Erschreckens leisten konnten. Los ging die Jagd, es gab neue Berufe. Verborgene F\u00e4higkeiten wurden ans Licht geholt, keiner war mehr sicher vor dem anderen. Vieles war nat\u00fcrlich schon vor 9\/11 so, aber danach war sehr vieles nicht mehr wie vorher. Wer wei\u00df schon, wie viele Deutsche \u00fcber deutsche Juden nachdachten, bevor sie \u00f6ffentlich gejagt wurden. Der m\u00f6rderische Trieb lebt doch in jedem, oder nicht? Es kommt darauf an, was man mit der Kraft macht, wenn sie sich meldet und die Synapsen zum Zittern bringt. Zumindest sich selbst gegen\u00fcber kann man rigoros ehrlich sein. Man kann ja sehen, wohin das f\u00fchrt, wenn zu viele zu lange zu wenig achtsam sind.<\/h5>\n","protected":false},"excerpt":{"rendered":"<p>Mir ist es auch w\u00e4hrend der Pandemie schon mal passiert, dass ich dachte: &#8222;Wie, schon wieder Freitag&#8220;, oder Montag usw., und ich merke, dass sich da tats\u00e4chlich eine gewisse Zeitlosigkeit eingeschlichen hat wie ein Nebenprodukt des Hauptdarstellers Corona, weil man ja eine Zeitlang glauben wollte, das alles mit den Masken und so bald aufh\u00f6ren w\u00fcrde, [&hellip;]<\/p>\n","protected":false},"author":1,"featured_media":0,"comment_status":"open","ping_status":"open","sticky":false,"template":"","format":"standard","meta":{"footnotes":""},"categories":[1],"tags":[],"class_list":["post-14129","post","type-post","status-publish","format-standard","hentry","category-uncategorized"],"_links":{"self":[{"href":"http:\/\/yoganauten.de\/index.php?rest_route=\/wp\/v2\/posts\/14129","targetHints":{"allow":["GET"]}}],"collection":[{"href":"http:\/\/yoganauten.de\/index.php?rest_route=\/wp\/v2\/posts"}],"about":[{"href":"http:\/\/yoganauten.de\/index.php?rest_route=\/wp\/v2\/types\/post"}],"author":[{"embeddable":true,"href":"http:\/\/yoganauten.de\/index.php?rest_route=\/wp\/v2\/users\/1"}],"replies":[{"embeddable":true,"href":"http:\/\/yoganauten.de\/index.php?rest_route=%2Fwp%2Fv2%2Fcomments&post=14129"}],"version-history":[{"count":9,"href":"http:\/\/yoganauten.de\/index.php?rest_route=\/wp\/v2\/posts\/14129\/revisions"}],"predecessor-version":[{"id":14143,"href":"http:\/\/yoganauten.de\/index.php?rest_route=\/wp\/v2\/posts\/14129\/revisions\/14143"}],"wp:attachment":[{"href":"http:\/\/yoganauten.de\/index.php?rest_route=%2Fwp%2Fv2%2Fmedia&parent=14129"}],"wp:term":[{"taxonomy":"category","embeddable":true,"href":"http:\/\/yoganauten.de\/index.php?rest_route=%2Fwp%2Fv2%2Fcategories&post=14129"},{"taxonomy":"post_tag","embeddable":true,"href":"http:\/\/yoganauten.de\/index.php?rest_route=%2Fwp%2Fv2%2Ftags&post=14129"}],"curies":[{"name":"wp","href":"https:\/\/api.w.org\/{rel}","templated":true}]}}