{"id":12918,"date":"2021-04-12T07:59:54","date_gmt":"2021-04-12T07:59:54","guid":{"rendered":"http:\/\/yoganauten.de\/?p=12918"},"modified":"2021-04-13T07:43:01","modified_gmt":"2021-04-13T07:43:01","slug":"die-k-frage","status":"publish","type":"post","link":"http:\/\/yoganauten.de\/?p=12918","title":{"rendered":"Die K.-Frage"},"content":{"rendered":"<p><img loading=\"lazy\" decoding=\"async\" class=\"alignnone wp-image-12923\" src=\"http:\/\/yoganauten.de\/wp-content\/uploads\/2021\/04\/20210412_100554-284x300.jpg\" alt=\"\" width=\"360\" height=\"380\" srcset=\"http:\/\/yoganauten.de\/wp-content\/uploads\/2021\/04\/20210412_100554-284x300.jpg 284w, http:\/\/yoganauten.de\/wp-content\/uploads\/2021\/04\/20210412_100554-768x811.jpg 768w, http:\/\/yoganauten.de\/wp-content\/uploads\/2021\/04\/20210412_100554-970x1024.jpg 970w\" sizes=\"auto, (max-width: 360px) 100vw, 360px\" \/><\/p>\n<h5>Es geh\u00f6rt zur Kunst des Denkens, dass man auch\u00a0 \u00fcber Dinge nachdenken muss, \u00fcber die man eigentlich gar nicht nachdenken m\u00f6chte. Aber nat\u00fcrlich kann vor allem auch ein M\u00fcssen letztendlich zum K\u00f6nnen f\u00fchren, wof\u00fcr es keine Garantie gibt. Aber zum Beispiel bei der sogenannten K.-Frage m\u00f6chte man am liebsten ausb\u00fcchsen gedanklich, obwohl die Wahl des zuk\u00fcnftigen K.&#8217;s eine (mehr oder weniger) direkte Wirkung auf alle B\u00fcrgerInnen haben wird. Und obwohl es das Wort &#8218;K\u00f6nig&#8216; bei uns zum Gl\u00fcck nicht mehr gibt, gibt es dennoch noch den K\u00f6nigsmacher, obgleich vielleicht noch keine K\u00f6nigsmacherin. Da wird also bei aller bis jetzt wahrnehmbaren Wahrscheinlichkeit entweder Herr Laschet oder Herr S\u00f6der den wohlverdienten und ehrenwerten Thron von Angela Merkel besetzen, obwohl an dem schon heftig ges\u00e4gt wurde und wird, und es ist, wie vieles andere, Frau Merkel selbst zu verdanken, dass er \u00fcberhaupt noch besetzbar ist, der Stuhl. Nun fragt man sich als simple Polit-Lain (gibt es das Wort \u00fcberhaupt, oder nur &#8218;den Laien?) Nein, ich schaue nicht nach, sondern lasse mein Montagsgarn durchs Spinnrad gleiten, wer soll mich abhalten. Man fragt sich also (u. a.) als politisch interessierte B\u00fcrgerin, ob S\u00f6der zum Beispiel in Berlin wirklich Fu\u00df fassen kann, was so viel hei\u00dft wie: sich dort wohlf\u00fchlen. Eine gro\u00dfe Verlustwelle wird \u00fcber die einged\u00e4mmten Ufer wallen, denn Berlin (und das Land) verliert Angela Merkel, und Bayern w\u00fcrde Markus S\u00f6der verlieren. Einmal kam im Zeitmagazin eine Bilderfolge von S\u00f6der in verschiedenen Karnevalsverkleidungen, das war schon etwas verbl\u00fcffend. Denn diese teuer wirkende Maskerade war so gr\u00fcndlich hergestellt, dass man M\u00fche hatte, den Politiker wieder zu finden, der dadurch ja auch an Auffindbarkeit verlor. Man wusste zumindest, dass da noch einiges im Hintergrund tobt, was sichtbare und ausgestellte Facetten braucht, um sich einigerma\u00dfen gesehen zu f\u00fchlen. Auch bewusst eingesetzte Maskierung\u00a0 kann zu tieferem Gesehenwerden f\u00fchren, wenn man daran interessiert ist. Aber summa summarum ist er, Markus S\u00f6der, eindeutig ein Mann, kein K\u00f6rnchen Genderidentit\u00e4tsgr\u00fcbelei h\u00e4ngt an ihm, nein, man wei\u00df, da wird ein Mann sitzen, der, allen Wirbelst\u00fcrmen trotzend, sein Bestes geben wird. Das kann man nat\u00fcrlich, wenn man m\u00f6chte, auch von Armin Laschet sagen, der \u00f6fters mal betr\u00fcbt wirkt, dass sein Bestes nicht als Bestes anerkannt wird, das darf nat\u00fcrlich als k\u00fcnftiger K. nicht zu oft passieren, denn schnell rutscht das informationss\u00fcchtige- und abh\u00e4ngige Volk in den mit Angst vor allem M\u00f6glichen besetzten Urgrund. Und ob da der sanfte Singsang der Laschetizien ausreichend beruhigend ausstrahlen k\u00f6nnte, wer wei\u00df das schon jetzt, mitten in der allerallerschlimmsten Pandemie-Heimsuchung der Erdlingszeit, wo alle sich an der Spitze des jeweiligen Landstriches einen hellen Kopf w\u00fcnschen, der die \u00c4rmel hochkrempelt und sich vital an die Geistervertreibung macht. Verborgen kann auch nicht bleiben, dass im freigebliebenen Augenwinkel das Auge selbst Ausschau h\u00e4lt, ja nach was h\u00e4lt es Ausschau? Vielleicht kommt ja doch noch eine kompetente Frau auf den Plan? Die Hochleistungskompetenz der Frauen wird ja immer schwerer f\u00fcr die angemessene\u00a0 Einsch\u00e4tzung, es w\u00e4re also m\u00f6glich. Und Frau Merkels Beispiel hat immer noch den Glanz (als Vorbild) des Uneitlen, das war schon fast ein Ph\u00e4nomen in der politischen Arena. Und vielleicht gr\u00fcnt es ja bald etwas mehr, und man kann sich neue Strukturen zumindest vorstellen.<\/h5>\n","protected":false},"excerpt":{"rendered":"<p>Es geh\u00f6rt zur Kunst des Denkens, dass man auch\u00a0 \u00fcber Dinge nachdenken muss, \u00fcber die man eigentlich gar nicht nachdenken m\u00f6chte. Aber nat\u00fcrlich kann vor allem auch ein M\u00fcssen letztendlich zum K\u00f6nnen f\u00fchren, wof\u00fcr es keine Garantie gibt. Aber zum Beispiel bei der sogenannten K.-Frage m\u00f6chte man am liebsten ausb\u00fcchsen gedanklich, obwohl die Wahl des [&hellip;]<\/p>\n","protected":false},"author":1,"featured_media":0,"comment_status":"open","ping_status":"open","sticky":false,"template":"","format":"standard","meta":{"footnotes":""},"categories":[1],"tags":[],"class_list":["post-12918","post","type-post","status-publish","format-standard","hentry","category-uncategorized"],"_links":{"self":[{"href":"http:\/\/yoganauten.de\/index.php?rest_route=\/wp\/v2\/posts\/12918","targetHints":{"allow":["GET"]}}],"collection":[{"href":"http:\/\/yoganauten.de\/index.php?rest_route=\/wp\/v2\/posts"}],"about":[{"href":"http:\/\/yoganauten.de\/index.php?rest_route=\/wp\/v2\/types\/post"}],"author":[{"embeddable":true,"href":"http:\/\/yoganauten.de\/index.php?rest_route=\/wp\/v2\/users\/1"}],"replies":[{"embeddable":true,"href":"http:\/\/yoganauten.de\/index.php?rest_route=%2Fwp%2Fv2%2Fcomments&post=12918"}],"version-history":[{"count":7,"href":"http:\/\/yoganauten.de\/index.php?rest_route=\/wp\/v2\/posts\/12918\/revisions"}],"predecessor-version":[{"id":12933,"href":"http:\/\/yoganauten.de\/index.php?rest_route=\/wp\/v2\/posts\/12918\/revisions\/12933"}],"wp:attachment":[{"href":"http:\/\/yoganauten.de\/index.php?rest_route=%2Fwp%2Fv2%2Fmedia&parent=12918"}],"wp:term":[{"taxonomy":"category","embeddable":true,"href":"http:\/\/yoganauten.de\/index.php?rest_route=%2Fwp%2Fv2%2Fcategories&post=12918"},{"taxonomy":"post_tag","embeddable":true,"href":"http:\/\/yoganauten.de\/index.php?rest_route=%2Fwp%2Fv2%2Ftags&post=12918"}],"curies":[{"name":"wp","href":"https:\/\/api.w.org\/{rel}","templated":true}]}}