{"id":12156,"date":"2021-01-07T09:10:37","date_gmt":"2021-01-07T09:10:37","guid":{"rendered":"http:\/\/yoganauten.de\/?p=12156"},"modified":"2021-01-07T15:02:41","modified_gmt":"2021-01-07T15:02:41","slug":"heilen-2","status":"publish","type":"post","link":"http:\/\/yoganauten.de\/?p=12156","title":{"rendered":"heilen&#8230;?"},"content":{"rendered":"<h5><img loading=\"lazy\" decoding=\"async\" class=\"alignnone wp-image-12167\" src=\"http:\/\/yoganauten.de\/wp-content\/uploads\/2021\/01\/20210107_155748-197x300.jpg\" alt=\"\" width=\"261\" height=\"397\" srcset=\"http:\/\/yoganauten.de\/wp-content\/uploads\/2021\/01\/20210107_155748-197x300.jpg 197w, http:\/\/yoganauten.de\/wp-content\/uploads\/2021\/01\/20210107_155748-768x1172.jpg 768w, http:\/\/yoganauten.de\/wp-content\/uploads\/2021\/01\/20210107_155748-671x1024.jpg 671w, http:\/\/yoganauten.de\/wp-content\/uploads\/2021\/01\/20210107_155748.jpg 1046w\" sizes=\"auto, (max-width: 261px) 100vw, 261px\" \/>\u00a0<img loading=\"lazy\" decoding=\"async\" class=\"alignnone wp-image-12158\" src=\"http:\/\/yoganauten.de\/wp-content\/uploads\/2021\/01\/20210107_093554-186x300.jpg\" alt=\"\" width=\"247\" height=\"398\" srcset=\"http:\/\/yoganauten.de\/wp-content\/uploads\/2021\/01\/20210107_093554-186x300.jpg 186w, http:\/\/yoganauten.de\/wp-content\/uploads\/2021\/01\/20210107_093554-768x1239.jpg 768w, http:\/\/yoganauten.de\/wp-content\/uploads\/2021\/01\/20210107_093554-635x1024.jpg 635w, http:\/\/yoganauten.de\/wp-content\/uploads\/2021\/01\/20210107_093554.jpg 1065w\" sizes=\"auto, (max-width: 247px) 100vw, 247px\" \/><\/h5>\n<h5>Zuf\u00e4llig schweifte mein Blick \u00fcber die herumliegende Seite der Zeit und war froh, ein Bild zu haben, auch wenn es zerknittert und zerrissen ist, wie Amerika eben. Es zeigt Biden im Bild mit einem Zitat von Freud \u00fcber die Vernunft, die nun tats\u00e4chlich zusammen mit der Gerechtigkeit baden gegangen ist. Es hatte unterschiedliche Gr\u00fcnde, warum ich meinen Blick nicht von der Smartphonescheibe entlassen konnte oder wollte. Man war ja eher auf eine Zeremonie gefasst gewesen und eine Freude, dass der Spuk bald vorbei ist. Man kann auch hinschauen, ich habe auch hingeschaut, damit ich es selber mal sehe, wie sich das Fassungslose ausdehnt, bis kein Fensterrahmen an der Monade mehr\u00a0 schlie\u00dfbar ist. Man verfolgt mit einigem Interesse das sich Abspielende und bemerkt, dass sich die Spieler oft gleichen. Die, die noch rechtzeitig, wenn auch sehr sp\u00e4t, erwachen, dann die, die noch grad die Kurve kratzen, und die, f\u00fcr die es zu sp\u00e4t wird, weil ihre habgierigen Munitionen zur\u00fcckfeuern auf sie selbst. Ein weiterer, pechschwarzer Tag steht auf dem Weltkalender. Und dann ist es ja eh vielerorts pechschwarz genug. Auch die Pechschw\u00e4rze kann in Staunen versetzen, aber wahrscheinlich ist es gar kein Staunen, sondern eine Gedankenersch\u00fctterung. Ansonsten habe ich das Bed\u00fcrfnis, erst einmal zu verdauen, was sich angestaut hat. Oder vielleicht in der Mitte der Bahn eine Gasse frei lassen, damit weitere Bewegung erm\u00f6glicht wird.<\/h5>\n<h5>Das Photo ist aus der &#8218;Zeit&#8216; vom 7.12.2020<br \/>\nDas Zitat von Freud ist aus &#8218;\u00dcber die Weltanschauung&#8216;.<\/h5>\n<h5>Hier in\u00a0 leserlich:<\/h5>\n<h6>Andererseits geh\u00f6rt der Intellekt &#8211; oder nennen wir ihn bei seinem vertrauten Namen: die Vernunft &#8211; zu den M\u00e4chten, von denen man am ehesten einen einigenden Einfluss auf die Menschen erwarten darf, die Menschen, die so schwer zusammenzuhalten und darum kaum zu regieren sind. Man stelle sich vor, wie unm\u00f6glich die menschliche Gesellschaft w\u00fcrde, wenn jedermann auch nur sein eigenes Einmaleins und seine besondere L\u00e4ngen- und Gewichtseinheit h\u00e4tte. Es ist unsere beste Zukunftshoffnung, dass der Intellekt &#8211; der wissenschaftliche Geist, die Vernunft &#8211; mit der Zeit die Diktatur im menschlichen Seelenleben erringen wird. Das Wesen der Vernunft b\u00fcrgt daf\u00fcr, dass sie dann nicht unterlassen wird, den menschlichen Gef\u00fchlsregungen und was von ihnen bestimmt wird, die ihnen geb\u00fchrende Stellung einzur\u00e4umen. Aber der gemeinsame Zwang einer solchen Herrschaft der Vernunft wird sich als das st\u00e4rkste einigende Band unter den Menschen erweisen und weitere Einigungen anbahnen.<\/h6>\n","protected":false},"excerpt":{"rendered":"<p>\u00a0 Zuf\u00e4llig schweifte mein Blick \u00fcber die herumliegende Seite der Zeit und war froh, ein Bild zu haben, auch wenn es zerknittert und zerrissen ist, wie Amerika eben. Es zeigt Biden im Bild mit einem Zitat von Freud \u00fcber die Vernunft, die nun tats\u00e4chlich zusammen mit der Gerechtigkeit baden gegangen ist. Es hatte unterschiedliche Gr\u00fcnde, [&hellip;]<\/p>\n","protected":false},"author":1,"featured_media":0,"comment_status":"open","ping_status":"open","sticky":false,"template":"","format":"standard","meta":{"footnotes":""},"categories":[1],"tags":[],"class_list":["post-12156","post","type-post","status-publish","format-standard","hentry","category-uncategorized"],"_links":{"self":[{"href":"http:\/\/yoganauten.de\/index.php?rest_route=\/wp\/v2\/posts\/12156","targetHints":{"allow":["GET"]}}],"collection":[{"href":"http:\/\/yoganauten.de\/index.php?rest_route=\/wp\/v2\/posts"}],"about":[{"href":"http:\/\/yoganauten.de\/index.php?rest_route=\/wp\/v2\/types\/post"}],"author":[{"embeddable":true,"href":"http:\/\/yoganauten.de\/index.php?rest_route=\/wp\/v2\/users\/1"}],"replies":[{"embeddable":true,"href":"http:\/\/yoganauten.de\/index.php?rest_route=%2Fwp%2Fv2%2Fcomments&post=12156"}],"version-history":[{"count":8,"href":"http:\/\/yoganauten.de\/index.php?rest_route=\/wp\/v2\/posts\/12156\/revisions"}],"predecessor-version":[{"id":12170,"href":"http:\/\/yoganauten.de\/index.php?rest_route=\/wp\/v2\/posts\/12156\/revisions\/12170"}],"wp:attachment":[{"href":"http:\/\/yoganauten.de\/index.php?rest_route=%2Fwp%2Fv2%2Fmedia&parent=12156"}],"wp:term":[{"taxonomy":"category","embeddable":true,"href":"http:\/\/yoganauten.de\/index.php?rest_route=%2Fwp%2Fv2%2Fcategories&post=12156"},{"taxonomy":"post_tag","embeddable":true,"href":"http:\/\/yoganauten.de\/index.php?rest_route=%2Fwp%2Fv2%2Ftags&post=12156"}],"curies":[{"name":"wp","href":"https:\/\/api.w.org\/{rel}","templated":true}]}}