{"id":12127,"date":"2021-01-02T09:19:37","date_gmt":"2021-01-02T09:19:37","guid":{"rendered":"http:\/\/yoganauten.de\/?p=12127"},"modified":"2021-01-02T09:19:37","modified_gmt":"2021-01-02T09:19:37","slug":"wenden","status":"publish","type":"post","link":"http:\/\/yoganauten.de\/?p=12127","title":{"rendered":"wenden"},"content":{"rendered":"<p><img loading=\"lazy\" decoding=\"async\" class=\"alignnone  wp-image-12128\" src=\"http:\/\/yoganauten.de\/wp-content\/uploads\/2021\/01\/20210102_073439-221x300.jpg\" alt=\"\" width=\"307\" height=\"416\" srcset=\"http:\/\/yoganauten.de\/wp-content\/uploads\/2021\/01\/20210102_073439-221x300.jpg 221w, http:\/\/yoganauten.de\/wp-content\/uploads\/2021\/01\/20210102_073439-768x1043.jpg 768w, http:\/\/yoganauten.de\/wp-content\/uploads\/2021\/01\/20210102_073439-754x1024.jpg 754w, http:\/\/yoganauten.de\/wp-content\/uploads\/2021\/01\/20210102_073439.jpg 980w\" sizes=\"auto, (max-width: 307px) 100vw, 307px\" \/><\/p>\n<h5>Die Jahreswende bringt auch immer unterschiedliche Konstrukte hervor, die man leicht f\u00fcr einigemei\u00dfelte Gesetze h\u00e4lt. Man darf es sozusagen nicht verpassen,\u00a0 selbst bei der Kurve dabei zu sein, die da gemeinsam zelebriert wird. Die Kurve gibt es\u00a0 ja gar nicht, aber im Kopf schon. Genau da, im Kopfinneren also, bereitet es sich zeremoniell vor, in das Ende des Jahres zu taumeln. Was war da? Wer war man da, als das alles noch da war? Man st\u00fcrzt sich also in den zeitlosen Urgrund, den Strohhalm fest umklammernd in der Hand, bis man sich hingeworfen vorfindet an den K\u00fcsten des Neuen Jahres, zusammen mit einer Zahl in eine neue Ebene ger\u00fcckt, wo es bald wieder zu ticken beginnt. Wohl denen, denen es gelungen ist, wenigstens ihren Schreibtisch ab-und wieder aufzur\u00e4umen, ein wunderbarer Vorgang, oder gar die \u00fcberfl\u00fcssigen Kleiderst\u00fccke herausgeangelt hat aus den Tiefen des Vergessens, zum Weitergeben als ein sich formell erneuernder Mensch. Einerseits gibt es den Willen zum Neusein, andrerseits den Wunsch zum Zur\u00fcck. Da hat man ja auch meistens noch etwas zu regeln und herauszufinden, was nicht hei\u00dft, dass man nicht gleichzeitig bei sich sein kann. Aber zum Beispiel der Wunsch, das Ende der Pandemie m\u00f6ge uns alle in das Vorher zur\u00fcckkatapultieren, wo alles war, wie es war, wird unerf\u00fcllt bleiben. Ganz sicher wird es anders sein, wie es der strukturelle Aufbau der Atome so auf sich hat, also auch hinter einem Danach wird es anders sein. Bezweifeln kann man auch nicht, dass das Virusgeschehen alle Gem\u00fcter in Bewegung gebracht hat. Leider ist es mit \u00c4ngsten belegt und f\u00fcr Freudespr\u00fcnge ungeeignet, nicht, dass man dazu aufgelegt w\u00e4re, vieles ist einem auch vergangen. Uneingeschr\u00e4nkt kann einen des Menschen Wesen in Erstaunen und Verbl\u00fcffung und Erschrecken und Grauen versetzen. Und unerm\u00fcdlich wandert die Frage umher \u00fcber des Menschen auffallenden Vernichtungswillen, der auf der anderen Seite die GegenspielerInnenkr\u00e4fte hervorlockt. Und da, auf einmal, n\u00e4hert sich die \u00fcberscharfe Spitze eines Schwertes dem Mund, dem dadurch\u00a0 Aussage entlockt wird Es geht hier nicht um Standpunkte oder Moralbegriffe, sondern um Klarheiten, da, wo man sie selbst w\u00fcnscht, weil nur an der eigenen Quelle Klarheit vorgefunden werden kann, man wei\u00df ja noch nicht mal, wie sie da hinkommt. Oder wei\u00df man es doch. So widerstrebt man einerseits nicht der M\u00f6glichkeit weiter sich \u00f6ffnender Portale in der inneren Architektur, aber vergi\u00dft auch nicht, dass jedes System und jedes Konstrukt den gleichen Gesetzm\u00e4\u00dfigkeiten unterliegt wie man selbst: man kommt, man bleibt eine Weile, dann geht man wieder. Dazwischen kann einiges geschehen, ja, eigentliches alles, was man sich vorstellen kann, denn die Vorstellungskraft allein ist schon ein Luxusgarten. Die Umsetzung unterliegt andere Bedingungen. F\u00fcr vieles muss man geeignet sein, sonst wird das, was die einen als normal bezeichnen, f\u00fcr andere zur H\u00f6lle. Der Lockdown eignet sich vielleicht am besten f\u00fcr Fragen, die man f\u00fcr beantwortungsm\u00f6glich h\u00e4lt. Wer wei\u00df schon vorher, was da alles f\u00fcr Antworten kommen, und was sie bewirken in anderen.<\/h5>\n","protected":false},"excerpt":{"rendered":"<p>Die Jahreswende bringt auch immer unterschiedliche Konstrukte hervor, die man leicht f\u00fcr einigemei\u00dfelte Gesetze h\u00e4lt. Man darf es sozusagen nicht verpassen,\u00a0 selbst bei der Kurve dabei zu sein, die da gemeinsam zelebriert wird. Die Kurve gibt es\u00a0 ja gar nicht, aber im Kopf schon. Genau da, im Kopfinneren also, bereitet es sich zeremoniell vor, in [&hellip;]<\/p>\n","protected":false},"author":1,"featured_media":0,"comment_status":"open","ping_status":"open","sticky":false,"template":"","format":"standard","meta":{"footnotes":""},"categories":[1],"tags":[],"class_list":["post-12127","post","type-post","status-publish","format-standard","hentry","category-uncategorized"],"_links":{"self":[{"href":"http:\/\/yoganauten.de\/index.php?rest_route=\/wp\/v2\/posts\/12127","targetHints":{"allow":["GET"]}}],"collection":[{"href":"http:\/\/yoganauten.de\/index.php?rest_route=\/wp\/v2\/posts"}],"about":[{"href":"http:\/\/yoganauten.de\/index.php?rest_route=\/wp\/v2\/types\/post"}],"author":[{"embeddable":true,"href":"http:\/\/yoganauten.de\/index.php?rest_route=\/wp\/v2\/users\/1"}],"replies":[{"embeddable":true,"href":"http:\/\/yoganauten.de\/index.php?rest_route=%2Fwp%2Fv2%2Fcomments&post=12127"}],"version-history":[{"count":2,"href":"http:\/\/yoganauten.de\/index.php?rest_route=\/wp\/v2\/posts\/12127\/revisions"}],"predecessor-version":[{"id":12131,"href":"http:\/\/yoganauten.de\/index.php?rest_route=\/wp\/v2\/posts\/12127\/revisions\/12131"}],"wp:attachment":[{"href":"http:\/\/yoganauten.de\/index.php?rest_route=%2Fwp%2Fv2%2Fmedia&parent=12127"}],"wp:term":[{"taxonomy":"category","embeddable":true,"href":"http:\/\/yoganauten.de\/index.php?rest_route=%2Fwp%2Fv2%2Fcategories&post=12127"},{"taxonomy":"post_tag","embeddable":true,"href":"http:\/\/yoganauten.de\/index.php?rest_route=%2Fwp%2Fv2%2Ftags&post=12127"}],"curies":[{"name":"wp","href":"https:\/\/api.w.org\/{rel}","templated":true}]}}