{"id":11162,"date":"2020-08-31T08:41:27","date_gmt":"2020-08-31T08:41:27","guid":{"rendered":"http:\/\/yoganauten.de\/?p=11162"},"modified":"2020-08-31T08:48:27","modified_gmt":"2020-08-31T08:48:27","slug":"denkbar-2","status":"publish","type":"post","link":"http:\/\/yoganauten.de\/?p=11162","title":{"rendered":"denkbar"},"content":{"rendered":"<p><img loading=\"lazy\" decoding=\"async\" class=\"alignnone wp-image-11163\" src=\"http:\/\/yoganauten.de\/wp-content\/uploads\/2020\/08\/20200828_151707-298x300.jpg\" alt=\"\" width=\"356\" height=\"358\" srcset=\"http:\/\/yoganauten.de\/wp-content\/uploads\/2020\/08\/20200828_151707-298x300.jpg 298w, http:\/\/yoganauten.de\/wp-content\/uploads\/2020\/08\/20200828_151707-150x150.jpg 150w, http:\/\/yoganauten.de\/wp-content\/uploads\/2020\/08\/20200828_151707-768x774.jpg 768w, http:\/\/yoganauten.de\/wp-content\/uploads\/2020\/08\/20200828_151707.jpg 799w\" sizes=\"auto, (max-width: 356px) 100vw, 356px\" \/><\/p>\n<h5>Man geht ja gar nicht mehr davon aus, dass etwas undenkbar w\u00e4re. Ganz im Gegenteil hat sich das Undenkbare \u00fcberall eingenistet und seine Macht entfaltet, wie zum Beispiel Donald Trump in Washington. Selbst nach vier Jahren kann ihn noch keiner denken, sondern wir alle mussten uns bewusst losl\u00f6sen aus der Faszination des Undenkbaren und daher auch des Unl\u00f6sbaren. Man k\u00f6nnte entgegnen, dass ja auch z.B. Poesie oft undenkbar ist und auch hier entfaltet sie gerade dadurch ihre Wirkung, und es wird noch einmal klar, dass der Unterschied wie stets in der Beschaffenheit der Quelle ist. Und auch wenn die Quelle verh\u00e4ltnism\u00e4\u00dfig ungetr\u00fcbt ist und dadurch mit sich selbst verbunden, kann dieses Sein nur verstanden werden, wenn es in der Lage ist, sich zu reflektieren, also denkbar zu werden. Die sich st\u00e4ndig in Bewegung befindende Lebendigkeit achtet ja gerade auf die vielseitigen Befindlichkeiten, von denen keine statisch ist. Und eine meiner Fragen (an mich) kann zuweilen sein, ob nach durchgeackerter Ich-Identit\u00e4t die Befangenheit durch dieses Ich nicht auch noch gelockert werden muss, damit das, was immer undenkbar ist, erlebt werden kann. Denn ebenso wie das Denken, so will auch das Nicht-Denken erlernt sein und ist nicht einfach da zum Gebrauch. Die unsichtbare Waagschale ist immer am Zittern, und auch die Gesetzm\u00e4\u00dfigkeit des Dualen lagert im geistigen Raum. So ein st\u00e4ndiges Hin-und Herpendeln der Kr\u00e4fte kann vieles aushalten und vieles ausgleichen. Oder das Gleichgewicht der Kr\u00e4fte ger\u00e4t derma\u00dfen au\u00dfer Balance, dass das Gegengewicht seine direkte Wirksamkeit verliert. Wenn man nur genau w\u00fcsste, wann sich unerw\u00fcnschte Schwere einschleicht in irgendeinen Tagesablauf und dort unter g\u00fcnstigen Bedingungen von irgendeiner der vielen Formen\u00a0 des Missbrauchs ablassen oder den emotionalen Reaktionen Einhalt gebieten kann, sie zur\u00fcckholen also zur Befragung. Eine Einladung, die jederzeit gilt, damit man sich besser kennen lernt und wei\u00df, wie man die Dinge wahrnimmt beziehungsweise wahrnehmen m\u00f6chte. Denn man k\u00f6nnte Wachheit, vor allem in der \u00dcbungsphase, auch als st\u00e4ndiges Entscheiden sehen, bis man sich auf die zitternde Kompassnadel verlassen kann, denn man hat ja nicht nur einen Kompass, man hat auch ein Steuerrad. Und das Steuerrad hat einen K\u00f6rper um sich herum, und der wiederum hat Raum um sich herum, Wasser, \u00c4ther, Luft&#8230;In Amerika, wo die Waagschale gerade bedenklich bebt, ist wohl gestern Nacht wieder jemand erschossen worden, die Nachrichten kamen erst an. Der B\u00fcrgermeister von Portland hat eine bewegende Rede gehalten und Donald Trump pers\u00f6nlich f\u00fcr das Entfachen der Gewalt und den mangelnden Einsatz f\u00fcr eine De-Eskalation verantwortlich gemacht. Ich erw\u00e4hne es deshalb, weil ich gemerkt habe, wie ich immer mehr hinh\u00f6rte in seine Emp\u00f6rung, und dass die glaubw\u00fcrdige Stimme eines Anderen einen erreichen kann im Gef\u00fchl, auch wenn man nicht durchweg \u00fcbereinstimmen muss mit dem Gesagten. Aber man kann dadurch im besten Sinne mitschwingen und mitf\u00fchlen, was eine\/n Andere\/n bewegt, und es bei sich selbst einordnen. Und statt \u00fcber Dissonanzen zu klagen, kann man zur Ausgleichung der Kr\u00e4fte beitragen. (Vorausgesetzt, man ist nicht selbst irgendwo im Labyrinth vor\u00fcbergehend gefangen).<\/h5>\n","protected":false},"excerpt":{"rendered":"<p>Man geht ja gar nicht mehr davon aus, dass etwas undenkbar w\u00e4re. Ganz im Gegenteil hat sich das Undenkbare \u00fcberall eingenistet und seine Macht entfaltet, wie zum Beispiel Donald Trump in Washington. Selbst nach vier Jahren kann ihn noch keiner denken, sondern wir alle mussten uns bewusst losl\u00f6sen aus der Faszination des Undenkbaren und daher [&hellip;]<\/p>\n","protected":false},"author":1,"featured_media":0,"comment_status":"open","ping_status":"open","sticky":false,"template":"","format":"standard","meta":{"footnotes":""},"categories":[1],"tags":[],"class_list":["post-11162","post","type-post","status-publish","format-standard","hentry","category-uncategorized"],"_links":{"self":[{"href":"http:\/\/yoganauten.de\/index.php?rest_route=\/wp\/v2\/posts\/11162","targetHints":{"allow":["GET"]}}],"collection":[{"href":"http:\/\/yoganauten.de\/index.php?rest_route=\/wp\/v2\/posts"}],"about":[{"href":"http:\/\/yoganauten.de\/index.php?rest_route=\/wp\/v2\/types\/post"}],"author":[{"embeddable":true,"href":"http:\/\/yoganauten.de\/index.php?rest_route=\/wp\/v2\/users\/1"}],"replies":[{"embeddable":true,"href":"http:\/\/yoganauten.de\/index.php?rest_route=%2Fwp%2Fv2%2Fcomments&post=11162"}],"version-history":[{"count":5,"href":"http:\/\/yoganauten.de\/index.php?rest_route=\/wp\/v2\/posts\/11162\/revisions"}],"predecessor-version":[{"id":11169,"href":"http:\/\/yoganauten.de\/index.php?rest_route=\/wp\/v2\/posts\/11162\/revisions\/11169"}],"wp:attachment":[{"href":"http:\/\/yoganauten.de\/index.php?rest_route=%2Fwp%2Fv2%2Fmedia&parent=11162"}],"wp:term":[{"taxonomy":"category","embeddable":true,"href":"http:\/\/yoganauten.de\/index.php?rest_route=%2Fwp%2Fv2%2Fcategories&post=11162"},{"taxonomy":"post_tag","embeddable":true,"href":"http:\/\/yoganauten.de\/index.php?rest_route=%2Fwp%2Fv2%2Ftags&post=11162"}],"curies":[{"name":"wp","href":"https:\/\/api.w.org\/{rel}","templated":true}]}}