{"id":11152,"date":"2020-08-30T05:30:57","date_gmt":"2020-08-30T05:30:57","guid":{"rendered":"http:\/\/yoganauten.de\/?p=11152"},"modified":"2020-08-30T05:30:57","modified_gmt":"2020-08-30T05:30:57","slug":"kuebra-guemuesay","status":"publish","type":"post","link":"http:\/\/yoganauten.de\/?p=11152","title":{"rendered":"K\u00fcbra G\u00fcm\u00fcsay"},"content":{"rendered":"<p><a class=\"eHAdSb\" tabindex=\"0\" role=\"link\" href=\"https:\/\/www.google.de\/url?sa=i&amp;url=https%3A%2F%2Fwww.zeit.de%2Fkultur%2Fliteratur%2F2020-01%2Fkuebra-guemuesay-sprache-und-sein-rassismus-kritik&amp;psig=AOvVaw2YjFufvHmmEzUElgFrMaT2&amp;ust=1598777078312000&amp;source=images&amp;cd=vfe&amp;ved=0CAIQjRxqFwoTCIDMvfSCwOsCFQAAAAAdAAAAABAE\" target=\"_blank\" rel=\"noopener\" aria-label=\"Die Zeit aufrufen\" data-ved=\"0CAIQjRxqFwoTCIDMvfSCwOsCFQAAAAAdAAAAABAE\"><img loading=\"lazy\" decoding=\"async\" class=\"n3VNCb\" src=\"https:\/\/img.zeit.de\/kultur\/literatur\/2020-01\/kuebra-guemuesay-foto\/wide__450x253__mobile\" alt=\"K\u00fcbra G\u00fcm\u00fc\u015fay: Nie mehr intellektuelle Putzfrau | ZEIT ONLINE\" width=\"359\" height=\"202\" data-noaft=\"1\" \/><\/a><\/p>\n<h1><\/h1>\n<h4><\/h4>\n<h4>Die Welt braucht keine Kategorien. Wir Menschen sind es,<br \/>\ndie sie brauchen. Wir konstruieren Kategorien, um uns durch<br \/>\ndiese komplexe, widerspr\u00fcchliche Welt zu navigieren, um sie<br \/>\nirgendwie zu begreifen und uns \u00fcber sie zu verst\u00e4ndigen.<br \/>\nWir brauchen Kategorien. Wer probieren w\u00fcrde, alles auf<br \/>\ndieser Welt &#8211; Menschen, fremde wie bekannte, Tiere, gro\u00dfe<br \/>\nwie kleine, Ger\u00fcche und Ger\u00e4usche, alle Informationen, die<br \/>\nauf uns einprasseln &#8211; ungefiltert und unkategorisiert<br \/>\nwahrzunehmen, w\u00fcrde von Reizen \u00fcberflutet werden und in<br \/>\nihnen ertrinken. Wir brauchen Kategorien. Die Einordnung<br \/>\nund Kategorisierung unserer Umgebung hilft uns dabei,<br \/>\nMuster zu erkennen, schnelle Entscheidungen zu treffen und<br \/>\nzu reagieren. In solchen Momenten berufen wir uns auf Bilder<br \/>\nund Informationen, die wir lange zuvor abgespeichert haben.<\/h4>\n<h4>Wann aber werden die Kategorien, die wir konstruieren, um<br \/>\ndie Welt zu begreifen, zu K\u00e4figen? Wann wird unsere Freiheit<br \/>\nzur Unfreiheit anderer?<\/h4>\n<p>aus: &#8218;Sprache und Sein&#8216;<\/p>\n","protected":false},"excerpt":{"rendered":"<p>Die Welt braucht keine Kategorien. Wir Menschen sind es, die sie brauchen. Wir konstruieren Kategorien, um uns durch diese komplexe, widerspr\u00fcchliche Welt zu navigieren, um sie irgendwie zu begreifen und uns \u00fcber sie zu verst\u00e4ndigen. Wir brauchen Kategorien. Wer probieren w\u00fcrde, alles auf dieser Welt &#8211; Menschen, fremde wie bekannte, Tiere, gro\u00dfe wie kleine, Ger\u00fcche [&hellip;]<\/p>\n","protected":false},"author":1,"featured_media":0,"comment_status":"open","ping_status":"open","sticky":false,"template":"","format":"standard","meta":{"footnotes":""},"categories":[1],"tags":[],"class_list":["post-11152","post","type-post","status-publish","format-standard","hentry","category-uncategorized"],"_links":{"self":[{"href":"http:\/\/yoganauten.de\/index.php?rest_route=\/wp\/v2\/posts\/11152","targetHints":{"allow":["GET"]}}],"collection":[{"href":"http:\/\/yoganauten.de\/index.php?rest_route=\/wp\/v2\/posts"}],"about":[{"href":"http:\/\/yoganauten.de\/index.php?rest_route=\/wp\/v2\/types\/post"}],"author":[{"embeddable":true,"href":"http:\/\/yoganauten.de\/index.php?rest_route=\/wp\/v2\/users\/1"}],"replies":[{"embeddable":true,"href":"http:\/\/yoganauten.de\/index.php?rest_route=%2Fwp%2Fv2%2Fcomments&post=11152"}],"version-history":[{"count":3,"href":"http:\/\/yoganauten.de\/index.php?rest_route=\/wp\/v2\/posts\/11152\/revisions"}],"predecessor-version":[{"id":11161,"href":"http:\/\/yoganauten.de\/index.php?rest_route=\/wp\/v2\/posts\/11152\/revisions\/11161"}],"wp:attachment":[{"href":"http:\/\/yoganauten.de\/index.php?rest_route=%2Fwp%2Fv2%2Fmedia&parent=11152"}],"wp:term":[{"taxonomy":"category","embeddable":true,"href":"http:\/\/yoganauten.de\/index.php?rest_route=%2Fwp%2Fv2%2Fcategories&post=11152"},{"taxonomy":"post_tag","embeddable":true,"href":"http:\/\/yoganauten.de\/index.php?rest_route=%2Fwp%2Fv2%2Ftags&post=11152"}],"curies":[{"name":"wp","href":"https:\/\/api.w.org\/{rel}","templated":true}]}}