{"id":10986,"date":"2020-08-12T07:47:37","date_gmt":"2020-08-12T07:47:37","guid":{"rendered":"http:\/\/yoganauten.de\/?p=10986"},"modified":"2020-08-12T10:45:13","modified_gmt":"2020-08-12T10:45:13","slug":"kamala-harris-2","status":"publish","type":"post","link":"http:\/\/yoganauten.de\/?p=10986","title":{"rendered":"Kamala Harris"},"content":{"rendered":"<p>&nbsp;<\/p>\n<p><a class=\"eHAdSb\" tabindex=\"0\" role=\"link\" href=\"https:\/\/www.google.de\/url?sa=i&amp;url=https%3A%2F%2Fwww.sueddeutsche.de%2Fpolitik%2Fusa-wahl-wahlkampf-joe-biden-vize-kamala-harris-1.4996965&amp;psig=AOvVaw2e0cc-m-SxjkSvLTr5a5pm&amp;ust=1597301021404000&amp;source=images&amp;cd=vfe&amp;ved=0CAIQjRxqFwoTCOCF4ZOIlesCFQAAAAAdAAAAABAJ\" target=\"_blank\" rel=\"noopener\" aria-label=\"S\u00fcddeutsche Zeitung aufrufen\" data-ved=\"0CAIQjRxqFwoTCOCF4ZOIlesCFQAAAAAdAAAAABAJ\"><img loading=\"lazy\" decoding=\"async\" class=\"n3VNCb\" src=\"https:\/\/www.sueddeutsche.de\/image\/sz.1.4996978\/704x396?v=1597184077\" alt=\"US-Wahlkampf: Kamala Harris soll Bidens Vize werden - Politik - SZ.de\" width=\"374\" height=\"210\" data-noaft=\"1\" \/><\/a><a class=\"eHAdSb\" tabindex=\"0\" role=\"link\" href=\"https:\/\/www.google.de\/url?sa=i&amp;url=https%3A%2F%2Fwww.sueddeutsche.de%2Fpolitik%2Fvizekandidatin-kamala-harris-weiblich-schwarz-angriffslustig-1.4996986&amp;psig=AOvVaw2e0cc-m-SxjkSvLTr5a5pm&amp;ust=1597301021404000&amp;source=images&amp;cd=vfe&amp;ved=0CAIQjRxqFwoTCOCF4ZOIlesCFQAAAAAdAAAAABAE\" target=\"_blank\" rel=\"noopener\" aria-label=\"S\u00fcddeutsche Zeitung aufrufen\" data-ved=\"0CAIQjRxqFwoTCOCF4ZOIlesCFQAAAAAdAAAAABAE\">\u00a0\u00a0\u00a0\u00a0 <img loading=\"lazy\" decoding=\"async\" class=\"n3VNCb\" src=\"https:\/\/www.sueddeutsche.de\/image\/sz.1.4996988\/704x396?v=1597201400\" alt=\"Bidens Wahl ist eine politische Richtungsentscheidung - Politik ...\" width=\"377\" height=\"212\" data-noaft=\"1\" \/>\u00a0\u00a0<\/a><\/p>\n<h5>Das erste Bild gilt der, und wahrlich kann man hier zur Abwechslung mal &#8222;Heldin&#8220; sagen, der Heldin also einer politischen Sternstunde. Das zweite Bild wollte ich hier erscheinen lassen, weil es gerade eine Erdstunde alt ist, und schon f\u00e4rbt die kluge m\u00e4nnliche Entscheidung eines schwer zu ortenden Joe Biden auch seine Figur mit Sternenstaub. Gerade, als wir uns von einer gro\u00dfartigen F\u00fchrungskraft in Angela Merkel verabschieden, taucht nun eine andere Frau auf, die geeignet ist, Geschichte lebendig zu machen. Ich h\u00f6re, dass sie in Deutschland noch fast keiner kennt und bin froh, dass ich mich in den letzten Coronawochen mehr in amerikanischen Sendern bewegt habe. Es gab f\u00fcr mich verschiedene Gr\u00fcnde. Ich war zuerst mit 16 Jahren in Amerika, und genau wie in meiner indischen Erfahrung hatte ich (m.E.) das Gl\u00fcck, noch einen vielleicht vorletzten Hauch\u00a0 vom Geist einer vergangenen Zeit mitzubekommen, die nicht (nur) belastet war von Gr\u00e4ueltaten wie hier in Deutschland, sondern viele Anregungen zu bieten hatte f\u00fcr empfangsbereite Gehirne. Amerika schien tats\u00e4chlich noch das Land der unbegrenzten M\u00f6glichkeiten. Interessant, dass Inder das auch von ihrem Land sagen, mal kopfsch\u00fcttelnd, mal begeistert, eben dass in Indien alles m\u00f6glich ist, auch das offensichtlich Unm\u00f6gliche. Heute fr\u00fch habe ich mich daran erinnert, dass irgendwann in einem Fr\u00fcher Donald Trump\u00a0 eines seiner wenigen Lobesworte f\u00fcr Frauen an Kamala Harris gerichtet hat, w\u00e4hrend ihm heute morgen nach ihrer Nominierung zur Vizepr\u00e4sidentin von Joe Biden nichts Besseres einfiel, als sie auf die d\u00fcmmste Weise mit d\u00fcrftigstem Wortschatz zu belagern, und es war so j\u00e4mmerlich durchschaubar, dass man es nur als eine aufsteigende, wenn auch noch unbewusste, Panik seines eigenen herannahenden Verlustes sehen konnte. Nicht, dass da noch viel zu verlieren war, was jetzt die viel analysierte Pers\u00f6nlichkeitsstruktur von Donald Trump betrifft. Und immer noch muss man alles M\u00f6gliche f\u00fcrchten, was der Mann tut, wenn auch ihm das Unausweichliche klar wird oder werden muss. Nun taucht also diese kluge und charismatische Frau auf die, wenn ihr weiterhin vieles so gut gelingt wie bisher, mehr tun kann, um dem auf verbl\u00fcffende Weise ins Dunkel gefallenen Land wieder ein Gesicht und wom\u00f6glich auch eine neue Struktur zu geben. So ein exzellenter Schachzug\u00a0 von Biden, der sich offensichtlich gut beraten l\u00e4sst. Die Beiden haben mal politisch gestritten, aber sch\u00e4tzen einander. Au\u00dferdem war eine der Sorgen von Bidens W\u00e4hlerInnen, dass er zu alt sei f\u00fcr die anstehenden Herausforderungen. Und gerade deshalb musste er jemanden w\u00e4hlen, der ihm nachfolgen kann und geeignet ist f\u00fcr den Job des Pr\u00e4sidenten. Sie ist geeignet und es wird\u00a0 eine Menge Frauen geben auf dieser Erde, die sich dar\u00fcber freuen k\u00f6nnen. Kamala Harris&#8217;s Mutter kommt aus Indien, der Vater aus Jamaika, da muss ich doch selber laut lachen hier an meinem Schreibtisch, wie erfrischend mir das vorkommt als Zeugungskombination. Ein bisschen wie die Hochzeit zwischen Geist und K\u00f6rper, da schwingt als Nebenwirkung zumindest das Potential von liebevollem Umgang mit, auch wenn nicht jedem und nicht jeder das Durchhalteverm\u00f6gen mitgegeben wird. Es sieht wirklich gut aus an einer Frau, wenn sie diesen leidenschaftlichen Flei\u00df hat, diese Konzentration auf das Wesentliche, was das \u00f6ffentliche Leben betrifft. Jemand die wei\u00df, was Rassismus ist und Ablehnung und Verleumdung, und sehr sch\u00f6ne Begegnungen muss sie auch gewohnt sein, denn die, die sie kannten und kennen, reden so herzlich und gut von ihr, das ist schon mal einen Moment der eigenen, pers\u00f6nlichen Freude wert. Seit Monaten habe ich immer mal wieder gehofft, dass sie wieder auftaucht auf der gro\u00dfen Polit-B\u00fchne, denn sie verschwand mal nach irgendwelchen Geschichten, an die ich mich nicht mehr erinnere. Da wir immer mehr von ihr h\u00f6ren werden, lasse ich es bei dieser pers\u00f6nlichen Freude beruhen. Immerhin entfuhr mir ein Jauchzer und ein &#8218;Yeah!&#8220; Und sie ist es, die den schlummernden Wahlkampf mit &#8218;Shakti&#8216; (Hindi: weibliche Kraft) beleben wird. Und ich als Zeugin des historischen Vorgangs f\u00fchle mich ebenso angeregt durch diese Wirkung, denn sie passt vorz\u00fcglich in meine Gedankenbahnen.<\/h5>\n","protected":false},"excerpt":{"rendered":"<p>&nbsp; \u00a0\u00a0\u00a0\u00a0 \u00a0\u00a0 Das erste Bild gilt der, und wahrlich kann man hier zur Abwechslung mal &#8222;Heldin&#8220; sagen, der Heldin also einer politischen Sternstunde. Das zweite Bild wollte ich hier erscheinen lassen, weil es gerade eine Erdstunde alt ist, und schon f\u00e4rbt die kluge m\u00e4nnliche Entscheidung eines schwer zu ortenden Joe Biden auch seine Figur [&hellip;]<\/p>\n","protected":false},"author":1,"featured_media":0,"comment_status":"open","ping_status":"open","sticky":false,"template":"","format":"standard","meta":{"footnotes":""},"categories":[1],"tags":[],"class_list":["post-10986","post","type-post","status-publish","format-standard","hentry","category-uncategorized"],"_links":{"self":[{"href":"http:\/\/yoganauten.de\/index.php?rest_route=\/wp\/v2\/posts\/10986","targetHints":{"allow":["GET"]}}],"collection":[{"href":"http:\/\/yoganauten.de\/index.php?rest_route=\/wp\/v2\/posts"}],"about":[{"href":"http:\/\/yoganauten.de\/index.php?rest_route=\/wp\/v2\/types\/post"}],"author":[{"embeddable":true,"href":"http:\/\/yoganauten.de\/index.php?rest_route=\/wp\/v2\/users\/1"}],"replies":[{"embeddable":true,"href":"http:\/\/yoganauten.de\/index.php?rest_route=%2Fwp%2Fv2%2Fcomments&post=10986"}],"version-history":[{"count":3,"href":"http:\/\/yoganauten.de\/index.php?rest_route=\/wp\/v2\/posts\/10986\/revisions"}],"predecessor-version":[{"id":10990,"href":"http:\/\/yoganauten.de\/index.php?rest_route=\/wp\/v2\/posts\/10986\/revisions\/10990"}],"wp:attachment":[{"href":"http:\/\/yoganauten.de\/index.php?rest_route=%2Fwp%2Fv2%2Fmedia&parent=10986"}],"wp:term":[{"taxonomy":"category","embeddable":true,"href":"http:\/\/yoganauten.de\/index.php?rest_route=%2Fwp%2Fv2%2Fcategories&post=10986"},{"taxonomy":"post_tag","embeddable":true,"href":"http:\/\/yoganauten.de\/index.php?rest_route=%2Fwp%2Fv2%2Ftags&post=10986"}],"curies":[{"name":"wp","href":"https:\/\/api.w.org\/{rel}","templated":true}]}}