{"id":1014,"date":"2016-10-05T05:44:08","date_gmt":"2016-10-05T05:44:08","guid":{"rendered":"http:\/\/yoganauten.de\/?p=1014"},"modified":"2016-10-10T07:44:43","modified_gmt":"2016-10-10T07:44:43","slug":"persoenlich","status":"publish","type":"post","link":"http:\/\/yoganauten.de\/?p=1014","title":{"rendered":"pers\u00f6nlich"},"content":{"rendered":"<p><img loading=\"lazy\" decoding=\"async\" class=\"alignnone wp-image-1021\" src=\"http:\/\/yoganauten.de\/wp-content\/uploads\/2016\/10\/Schnipsel-002-267x300.jpg\" alt=\"schnipsel-002\" width=\"336\" height=\"378\" srcset=\"http:\/\/yoganauten.de\/wp-content\/uploads\/2016\/10\/Schnipsel-002-267x300.jpg 267w, http:\/\/yoganauten.de\/wp-content\/uploads\/2016\/10\/Schnipsel-002-768x862.jpg 768w, http:\/\/yoganauten.de\/wp-content\/uploads\/2016\/10\/Schnipsel-002-912x1024.jpg 912w\" sizes=\"auto, (max-width: 336px) 100vw, 336px\" \/><\/p>\n<p>Ich kam ohne Augenbrauen und<br \/>\nmit Make-up auf die Welt, in der<br \/>\nwinzigen Hand einen Rapidographen.<br \/>\nMeine Talente erwiesen sich als<br \/>\nunersch\u00f6pflich. Ich h\u00e4tte Schwert-<br \/>\nT\u00e4nzerin, Geisha, der Silver Surfer<br \/>\npers\u00f6nlich und desgleichen mehr<br \/>\nwerden k\u00f6nnen: Zen-Meisterin, Raj-<br \/>\nYogini, Martial Artsperfektionistin,<br \/>\nViolinistin und Heroine des gro\u00dfen<br \/>\nEtcetera. Aber all das wollte und<br \/>\nmusste sich als Facette, bzw. Farce<br \/>\nerweisen, da der Kern meines Wesens<br \/>\nmich auf einen naheliegenden, aber doch<br \/>\nanderen Acker hinlenkte und dort gut<br \/>\nkeimte, wer h\u00e4tte das gedacht! Ich<br \/>\nhab&#8217;s gedacht und auch gemacht wie ich<br \/>\nselbst, und dann wiederum kann es<br \/>\nnicht anders sein, denn die Freude des<br \/>\nUniversums an sich selbst erscheint<br \/>\nals Freude in mir und an meiner<br \/>\nAnwesenheit. Im Rahmen meiner<br \/>\nFreiheit und dem tiefen Vertrauen, das<br \/>\nich in sie habe, kann ich sorglos sein<br \/>\nund tun, wer ich bin. (Unbedingt!)<\/p>\n<p>&nbsp;<\/p>\n<p>***************************************************************************************************************************<\/p>\n<p>Jede Facette in sich m\u00f6chte mal einen kleinen Lebenslauf haben, auch wenn er sehr kurz ist. Man l\u00e4sst es zu, denn es ist angenehm, sich selbst (und anderen) gegen\u00fcber etwas gro\u00dfz\u00fcgig zu sein. In einem Land zu leben, in dem schon eine ganze Weile Frieden vorherrscht, hat viele guten Seiten. Der Geist kann sich erfrischen und sich in interessante Dinge vertiefen, die ergr\u00fcndet werden m\u00f6chten. Wir haben dann eine Wahl in den Lebensformen und sind ziemlich frei, sie zu gestalten. An Radio und Fernsehen, die glanzvolle Tr\u00e4ger von geistreichen Programmen h\u00e4tten werden k\u00f6nnen, kann man sehen, wie idealistische Gedankenkonstrukte scheitern k\u00f6nnen. Man nimmt Abstand vom gar nicht Gegl\u00fcckten, wenn es in einem Raum verantwortungslosen Umgangs mit dem Geist entstanden ist. In der Atmosph\u00e4re des Geistreichen gibt es auch Freude am Nichtwissen. Je leichter der Tanz, desto anspruchsvoller das K\u00f6nnen.<\/p>\n<p>Das Bild zeigt (m)einen Schnipsel unterwegs.<\/p>\n<p>****************************************************************************************************************************<\/p>\n","protected":false},"excerpt":{"rendered":"<p>Ich kam ohne Augenbrauen und mit Make-up auf die Welt, in der winzigen Hand einen Rapidographen. Meine Talente erwiesen sich als unersch\u00f6pflich. Ich h\u00e4tte Schwert- T\u00e4nzerin, Geisha, der Silver Surfer pers\u00f6nlich und desgleichen mehr werden k\u00f6nnen: Zen-Meisterin, Raj- Yogini, Martial Artsperfektionistin, Violinistin und Heroine des gro\u00dfen Etcetera. Aber all das wollte und musste sich als [&hellip;]<\/p>\n","protected":false},"author":1,"featured_media":0,"comment_status":"open","ping_status":"open","sticky":false,"template":"","format":"standard","meta":{"footnotes":""},"categories":[5],"tags":[],"class_list":["post-1014","post","type-post","status-publish","format-standard","hentry","category-poetische-texte-bild"],"_links":{"self":[{"href":"http:\/\/yoganauten.de\/index.php?rest_route=\/wp\/v2\/posts\/1014","targetHints":{"allow":["GET"]}}],"collection":[{"href":"http:\/\/yoganauten.de\/index.php?rest_route=\/wp\/v2\/posts"}],"about":[{"href":"http:\/\/yoganauten.de\/index.php?rest_route=\/wp\/v2\/types\/post"}],"author":[{"embeddable":true,"href":"http:\/\/yoganauten.de\/index.php?rest_route=\/wp\/v2\/users\/1"}],"replies":[{"embeddable":true,"href":"http:\/\/yoganauten.de\/index.php?rest_route=%2Fwp%2Fv2%2Fcomments&post=1014"}],"version-history":[{"count":12,"href":"http:\/\/yoganauten.de\/index.php?rest_route=\/wp\/v2\/posts\/1014\/revisions"}],"predecessor-version":[{"id":1067,"href":"http:\/\/yoganauten.de\/index.php?rest_route=\/wp\/v2\/posts\/1014\/revisions\/1067"}],"wp:attachment":[{"href":"http:\/\/yoganauten.de\/index.php?rest_route=%2Fwp%2Fv2%2Fmedia&parent=1014"}],"wp:term":[{"taxonomy":"category","embeddable":true,"href":"http:\/\/yoganauten.de\/index.php?rest_route=%2Fwp%2Fv2%2Fcategories&post=1014"},{"taxonomy":"post_tag","embeddable":true,"href":"http:\/\/yoganauten.de\/index.php?rest_route=%2Fwp%2Fv2%2Ftags&post=1014"}],"curies":[{"name":"wp","href":"https:\/\/api.w.org\/{rel}","templated":true}]}}